{"id":95589,"date":"2016-11-21T10:52:32","date_gmt":"2016-11-21T08:52:32","guid":{"rendered":"http:\/\/www.sana.sy\/tr\/?p=95589"},"modified":"2016-11-21T13:27:21","modified_gmt":"2016-11-21T11:27:21","slug":"teroristlerin-mezra-semtini-yine-fuzeyle-hedef-aldiklarini-kaydeden-kaynak-feyha-stadyumuna-dusen-fuze-sonucunda-sans-eseri-beseri-isabetlerin-olmadigini-belirtti","status":"publish","type":"post","link":"https:\/\/archive.sana.sy\/tr\/?p=95589","title":{"rendered":"Ter\u00f6ristlerin Mezra Semtini yine f\u00fczeyle hedef ald\u0131klar\u0131n\u0131 kaydeden kaynak, Feyha Stadyumuna d\u00fc\u015fen f\u00fcze sonucunda \u015fans eseri be\u015feri isabetlerin olmad\u0131\u011f\u0131n\u0131 belirtti"},"content":{"rendered":"<p>Ter\u00f6ristlerin Mezra Semtini yine f\u00fczeyle hedef ald\u0131klar\u0131n\u0131 kaydeden kaynak, Feyha Stadyumuna d\u00fc\u015fen f\u00fcze sonucunda \u015fans eseri be\u015feri isabetlerin olmad\u0131\u011f\u0131n\u0131 belirtti<\/p>\n","protected":false},"excerpt":{"rendered":"<p>Ter\u00f6ristlerin Mezra Semtini yine f\u00fczeyle hedef ald\u0131klar\u0131n\u0131 kaydeden kaynak, Feyha Stadyumuna d\u00fc\u015fen f\u00fcze sonucunda \u015fans eseri be\u015feri isabetlerin olmad\u0131\u011f\u0131n\u0131 belirtti<\/p>\n","protected":false},"author":1,"featured_media":0,"comment_status":"closed","ping_status":"closed","sticky":false,"template":"","format":"standard","meta":{"footnotes":""},"categories":[17991],"tags":[],"class_list":["post-95589","post","type-post","status-publish","format-standard","","category-son-dakika"],"_links":{"self":[{"href":"https:\/\/archive.sana.sy\/tr\/index.php?rest_route=\/wp\/v2\/posts\/95589","targetHints":{"allow":["GET"]}}],"collection":[{"href":"https:\/\/archive.sana.sy\/tr\/index.php?rest_route=\/wp\/v2\/posts"}],"about":[{"href":"https:\/\/archive.sana.sy\/tr\/index.php?rest_route=\/wp\/v2\/types\/post"}],"author":[{"embeddable":true,"href":"https:\/\/archive.sana.sy\/tr\/index.php?rest_route=\/wp\/v2\/users\/1"}],"replies":[{"embeddable":true,"href":"https:\/\/archive.sana.sy\/tr\/index.php?rest_route=%2Fwp%2Fv2%2Fcomments&post=95589"}],"version-history":[{"count":0,"href":"https:\/\/archive.sana.sy\/tr\/index.php?rest_route=\/wp\/v2\/posts\/95589\/revisions"}],"wp:attachment":[{"href":"https:\/\/archive.sana.sy\/tr\/index.php?rest_route=%2Fwp%2Fv2%2Fmedia&parent=95589"}],"wp:term":[{"taxonomy":"category","embeddable":true,"href":"https:\/\/archive.sana.sy\/tr\/index.php?rest_route=%2Fwp%2Fv2%2Fcategories&post=95589"},{"taxonomy":"post_tag","embeddable":true,"href":"https:\/\/archive.sana.sy\/tr\/index.php?rest_route=%2Fwp%2Fv2%2Ftags&post=95589"}],"curies":[{"name":"wp","href":"https:\/\/api.w.org\/{rel}","templated":true}]}}