{"id":95597,"date":"2016-11-21T11:37:01","date_gmt":"2016-11-21T09:37:01","guid":{"rendered":"http:\/\/www.sana.sy\/tr\/?p=95597"},"modified":"2016-11-21T13:51:02","modified_gmt":"2016-11-21T11:51:02","slug":"askeri-kaynak-hava-guclerimiz-ve-topcu-birliklerimizin-halep-kentinin-yaklasik-52-km-dogusuna-dusen-deyr-hafir-bolgesinde-iside-ait-agir-silahlarla-donatilmis-4x4-ceker-10-araci-radikal-teror","status":"publish","type":"post","link":"https:\/\/archive.sana.sy\/tr\/?p=95597","title":{"rendered":"Askeri kaynak hava g\u00fc\u00e7lerimiz ve top\u00e7u birliklerimizin Halep Kentinin yakla\u015f\u0131k 52 km do\u011fusuna d\u00fc\u015fen Deyr Hafir B\u00f6lgesinde I\u015e\u0130D\u2019e ait a\u011f\u0131r silahlarla donat\u0131lm\u0131\u015f 4X4 \u00e7eker 10 arac\u0131 radikal ter\u00f6rist ekipleriyle birlikte imha ettiklerini belirtti"},"content":{"rendered":"<p>Askeri kaynak hava g\u00fc\u00e7lerimiz ve top\u00e7u birliklerimizin Halep Kentinin yakla\u015f\u0131k 52 km do\u011fusuna d\u00fc\u015fen Deyr Hafir B\u00f6lgesinde I\u015e\u0130D\u2019e ait a\u011f\u0131r silahlarla donat\u0131lm\u0131\u015f 4X4 \u00e7eker 10 arac\u0131 radikal ter\u00f6rist ekipleriyle birlikte imha ettiklerini belirtti<\/p>\n","protected":false},"excerpt":{"rendered":"<p>Askeri kaynak hava g\u00fc\u00e7lerimiz ve top\u00e7u birliklerimizin Halep Kentinin yakla\u015f\u0131k 52 km do\u011fusuna d\u00fc\u015fen Deyr Hafir B\u00f6lgesinde I\u015e\u0130D\u2019e ait a\u011f\u0131r silahlarla donat\u0131lm\u0131\u015f 4X4 \u00e7eker 10 arac\u0131 radikal ter\u00f6rist ekipleriyle birlikte imha ettiklerini belirtti<\/p>\n","protected":false},"author":1,"featured_media":0,"comment_status":"closed","ping_status":"closed","sticky":false,"template":"","format":"standard","meta":{"footnotes":""},"categories":[17991],"tags":[],"class_list":["post-95597","post","type-post","status-publish","format-standard","","category-son-dakika"],"_links":{"self":[{"href":"https:\/\/archive.sana.sy\/tr\/index.php?rest_route=\/wp\/v2\/posts\/95597","targetHints":{"allow":["GET"]}}],"collection":[{"href":"https:\/\/archive.sana.sy\/tr\/index.php?rest_route=\/wp\/v2\/posts"}],"about":[{"href":"https:\/\/archive.sana.sy\/tr\/index.php?rest_route=\/wp\/v2\/types\/post"}],"author":[{"embeddable":true,"href":"https:\/\/archive.sana.sy\/tr\/index.php?rest_route=\/wp\/v2\/users\/1"}],"replies":[{"embeddable":true,"href":"https:\/\/archive.sana.sy\/tr\/index.php?rest_route=%2Fwp%2Fv2%2Fcomments&post=95597"}],"version-history":[{"count":0,"href":"https:\/\/archive.sana.sy\/tr\/index.php?rest_route=\/wp\/v2\/posts\/95597\/revisions"}],"wp:attachment":[{"href":"https:\/\/archive.sana.sy\/tr\/index.php?rest_route=%2Fwp%2Fv2%2Fmedia&parent=95597"}],"wp:term":[{"taxonomy":"category","embeddable":true,"href":"https:\/\/archive.sana.sy\/tr\/index.php?rest_route=%2Fwp%2Fv2%2Fcategories&post=95597"},{"taxonomy":"post_tag","embeddable":true,"href":"https:\/\/archive.sana.sy\/tr\/index.php?rest_route=%2Fwp%2Fv2%2Ftags&post=95597"}],"curies":[{"name":"wp","href":"https:\/\/api.w.org\/{rel}","templated":true}]}}