{"id":95603,"date":"2016-11-21T16:46:13","date_gmt":"2016-11-21T14:46:13","guid":{"rendered":"http:\/\/www.sana.sy\/tr\/?p=95603"},"modified":"2016-11-22T13:07:33","modified_gmt":"2016-11-22T11:07:33","slug":"suriye-ordusu-radikal-terore-karsi-operasyonlarinda-basarilarini-surduruyor","status":"publish","type":"post","link":"https:\/\/archive.sana.sy\/tr\/?p=95603","title":{"rendered":"Suriye Ordusu Radikal Ter\u00f6re Kar\u015f\u0131 Operasyonlar\u0131nda Ba\u015far\u0131lar\u0131n\u0131 S\u00fcrd\u00fcr\u00fcyor"},"content":{"rendered":"<p>\u0130LLER \u2013 T\u00fcrkiye, Suudi Arabistan ve Bat\u0131l\u0131 bir k\u0131s\u0131m devletler taraf\u0131ndan desteklenen radikal ve hain ter\u00f6re kar\u015f\u0131 operasyonlar\u0131nda ordu birliklerimiz bug\u00fcn yeni ba\u015far\u0131lara imza att\u0131.<\/p>\n<p><span style=\"color: #0000ff\">KUNAYTRA:<\/span><\/p>\n<p>Askeri kaynak ordu birliklerimizin Kunaytra k\u0131rsal\u0131n\u0131n kuzeyi Hmeydiye \u2013 H\u00fcrriyet yolu \u00fczerinde \u0130srail\u2019e tabi Nusra Cephesinden bir\u00e7ok ter\u00f6risti ta\u015f\u0131yan bir arac\u0131 g\u00fcd\u00fcml\u00fc f\u00fczeyle imha ettiklerini belirtti.<\/p>\n<p>Kaynak ordu birliklerimizin d\u00fcn Kunaytra k\u0131rsal\u0131nda Nusra Cephesi ve m\u00fcttefikleri di\u011fer ter\u00f6r \u00f6rg\u00fctlere tabi en az 25 ter\u00f6risti \u00f6l\u00fc d\u00fc\u015f\u00fcrd\u00fcklerini, bir f\u00fcze bataryalar\u0131 ve a\u011f\u0131r toplar\u0131n\u0131 da imha ettiklerine dikkat \u00e7ekti.<\/p>\n<p><span style=\"color: #0000ff\">HALEP:<\/span><\/p>\n<p>\u00d6te yandan askeri kaynak hava g\u00fc\u00e7lerimiz ve top\u00e7u birliklerimizin Halep Kentinin yakla\u015f\u0131k 52 km do\u011fusuna d\u00fc\u015fen Deyr Hafir B\u00f6lgesinde I\u015e\u0130D\u2019e ait a\u011f\u0131r silahlarla donat\u0131lm\u0131\u015f 4X4 \u00e7eker 10 arac\u0131 radikal ter\u00f6rist ekipleriyle birlikte imha ettiklerini belirtti.<\/p>\n<p>Kaynak nitelikli operasyonda aralar\u0131nda saha komutanlar\u0131n\u0131n bulundu\u011fu y\u00fcksek say\u0131da ter\u00f6ristin de \u00f6ld\u00fcr\u00fcld\u00fc\u011f\u00fcn\u00fc aktard\u0131.<\/p>\n<p><span style=\"color: #0000ff\">LAZK\u0130YE:<\/span><\/p>\n<p>Bu arada askeri kaynak ordu birliklerimizin Lazkiye k\u0131rsal\u0131n\u0131n kuzeyinde Erdo\u011fan rejimine tabi \u00e7okuluslu ve radikal ter\u00f6ristlere y\u00f6nelik operasyonlar\u0131 kapsam\u0131nda Kebbani B\u00f6lgesinde a\u011f\u0131r makineli silahla donat\u0131lm\u0131\u015f bir arac\u0131 i\u00e7indeki ter\u00f6ristlerle birlikte imha ettiklerini aktard\u0131<\/p>\n","protected":false},"excerpt":{"rendered":"<p>\u0130LLER \u2013 T\u00fcrkiye, Suudi Arabistan ve Bat\u0131l\u0131 bir k\u0131s\u0131m devletler taraf\u0131ndan desteklenen radikal ve hain ter\u00f6re kar\u015f\u0131 operasyonlar\u0131nda ordu birliklerimiz bug\u00fcn yeni ba\u015far\u0131lara imza att\u0131. KUNAYTRA: Askeri kaynak ordu birliklerimizin Kunaytra k\u0131rsal\u0131n\u0131n kuzeyi Hmeydiye \u2013 H\u00fcrriyet yolu \u00fczerinde \u0130srail\u2019e tabi Nusra Cephesinden bir\u00e7ok ter\u00f6risti ta\u015f\u0131yan bir arac\u0131 g\u00fcd\u00fcml\u00fc f\u00fczeyle imha ettiklerini belirtti. Kaynak ordu birliklerimizin &hellip;<\/p>\n","protected":false},"author":1,"featured_media":95604,"comment_status":"closed","ping_status":"closed","sticky":false,"template":"","format":"standard","meta":{"footnotes":""},"categories":[575,17988],"tags":[3464,18365,23799,21046,15787,2318,13459,25217,18347,20427,18674,11549,19043,22182,19034],"class_list":["post-95603","post","type-post","status-publish","format-standard","has-post-thumbnail","","category-olaylar-ve-gercekler","category-son-haberler","tag-nusra-cephesi","tag-ahrar-el-sam","tag-ceysul-fetih","tag-ceysul-islam","tag-fetih-ordusu","tag-isid","tag-islam-ordusu","tag-nurettin-zenki","tag-oso","tag-ozgur-ordu","tag-silahli-muhalifler","tag-suriye-ordusu","tag-suriyede-son-durum","tag-suriyede-savas","tag-suriyeli-muhalifler"],"_links":{"self":[{"href":"https:\/\/archive.sana.sy\/tr\/index.php?rest_route=\/wp\/v2\/posts\/95603","targetHints":{"allow":["GET"]}}],"collection":[{"href":"https:\/\/archive.sana.sy\/tr\/index.php?rest_route=\/wp\/v2\/posts"}],"about":[{"href":"https:\/\/archive.sana.sy\/tr\/index.php?rest_route=\/wp\/v2\/types\/post"}],"author":[{"embeddable":true,"href":"https:\/\/archive.sana.sy\/tr\/index.php?rest_route=\/wp\/v2\/users\/1"}],"replies":[{"embeddable":true,"href":"https:\/\/archive.sana.sy\/tr\/index.php?rest_route=%2Fwp%2Fv2%2Fcomments&post=95603"}],"version-history":[{"count":0,"href":"https:\/\/archive.sana.sy\/tr\/index.php?rest_route=\/wp\/v2\/posts\/95603\/revisions"}],"wp:featuredmedia":[{"embeddable":true,"href":"https:\/\/archive.sana.sy\/tr\/index.php?rest_route=\/wp\/v2\/media\/95604"}],"wp:attachment":[{"href":"https:\/\/archive.sana.sy\/tr\/index.php?rest_route=%2Fwp%2Fv2%2Fmedia&parent=95603"}],"wp:term":[{"taxonomy":"category","embeddable":true,"href":"https:\/\/archive.sana.sy\/tr\/index.php?rest_route=%2Fwp%2Fv2%2Fcategories&post=95603"},{"taxonomy":"post_tag","embeddable":true,"href":"https:\/\/archive.sana.sy\/tr\/index.php?rest_route=%2Fwp%2Fv2%2Ftags&post=95603"}],"curies":[{"name":"wp","href":"https:\/\/api.w.org\/{rel}","templated":true}]}}