{"id":9561,"date":"2014-09-09T23:30:10","date_gmt":"2014-09-09T20:30:10","guid":{"rendered":"http:\/\/www.sana.sy\/tr\/?p=9561"},"modified":"2014-09-09T23:30:10","modified_gmt":"2014-09-09T20:30:10","slug":"yazici-iki-ulke-iliskileri-isbirligini-gelistirme-istegi-olarak-tanimlanabilir","status":"publish","type":"post","link":"https:\/\/archive.sana.sy\/tr\/?p=9561","title":{"rendered":"Yaz\u0131c\u0131: \u0130ki \u00dclke \u0130li\u015fkileri \u0130\u015fbirli\u011fini Geli\u015ftirme \u0130ste\u011fi Olarak Tan\u0131mlanabilir"},"content":{"rendered":"<p>\u015eAM \u2013 Sa\u011fl\u0131k Bakan\u0131 Nizar Yaz\u0131c\u0131, sa\u011fl\u0131k alan\u0131nda Suriye ile Belarus aras\u0131ndaki ili\u015fkilerin, \u00f6zellikle ila\u00e7 alan\u0131nda i\u015fbirli\u011fini geli\u015ftirme iste\u011fi tan\u0131mlanabilece\u011fini dile getirdi.<\/p>\n<p>Belarus Cumhuriyeti B\u00fcy\u00fckel\u00e7isi Alexander Ponomarev ile bir araya gelen Yaz\u0131c\u0131; iki \u00fclke aras\u0131nda ila\u00e7 al\u0131\u015f veri\u015finin geli\u015ftirilmesini ama\u00e7layan bir anla\u015fma imzalanmas\u0131 arzusunu ifade ederek anla\u015fman\u0131n iki \u00fclke aras\u0131ndaki ila\u00e7 al\u0131\u015fveri\u015fini zorla\u015ft\u0131ran ve engelleyen rutin icraatlar\u0131n ortadan kald\u0131r\u0131lmas\u0131na ili\u015fkin maddeler de i\u00e7ermesi gerekti\u011fini belirtti.<\/p>\n<p>\u00d6te yandan Belarus Cumhuriyetinin de sa\u011fl\u0131k alan\u0131nda Suriye ile ili\u015fkilerin geli\u015ftirilmesini istedi\u011fine i\u015faret eden Ponomarev; \u00fclkesinin, Suriye halk\u0131, h\u00fck\u00fcmeti ve ordusunun ya\u015famakta oldu\u011fu zor ko\u015fullar\u0131 atlatmas\u0131 i\u00e7in gerekli destek ve yard\u0131m\u0131 yapmaya haz\u0131r oldu\u011funu ibraz etti.<\/p>\n","protected":false},"excerpt":{"rendered":"<p>\u015eAM \u2013 Sa\u011fl\u0131k Bakan\u0131 Nizar Yaz\u0131c\u0131, sa\u011fl\u0131k alan\u0131nda Suriye ile Belarus aras\u0131ndaki ili\u015fkilerin, \u00f6zellikle ila\u00e7 alan\u0131nda i\u015fbirli\u011fini geli\u015ftirme iste\u011fi tan\u0131mlanabilece\u011fini dile getirdi. Belarus Cumhuriyeti B\u00fcy\u00fckel\u00e7isi Alexander Ponomarev ile bir araya gelen Yaz\u0131c\u0131; iki \u00fclke aras\u0131nda ila\u00e7 al\u0131\u015f veri\u015finin geli\u015ftirilmesini ama\u00e7layan bir anla\u015fma imzalanmas\u0131 arzusunu ifade ederek anla\u015fman\u0131n iki \u00fclke aras\u0131ndaki ila\u00e7 al\u0131\u015fveri\u015fini zorla\u015ft\u0131ran ve engelleyen &hellip;<\/p>\n","protected":false},"author":1,"featured_media":9562,"comment_status":"closed","ping_status":"closed","sticky":false,"template":"","format":"standard","meta":{"footnotes":""},"categories":[479,478],"tags":[2150],"class_list":["post-9561","post","type-post","status-publish","format-standard","has-post-thumbnail","","category-haberler-yerel","category-yerel","tag-yazici-iki-ulke-iliskileri-isbirligini-gelistirme-istegi-olarak-tanimlanabilir"],"_links":{"self":[{"href":"https:\/\/archive.sana.sy\/tr\/index.php?rest_route=\/wp\/v2\/posts\/9561","targetHints":{"allow":["GET"]}}],"collection":[{"href":"https:\/\/archive.sana.sy\/tr\/index.php?rest_route=\/wp\/v2\/posts"}],"about":[{"href":"https:\/\/archive.sana.sy\/tr\/index.php?rest_route=\/wp\/v2\/types\/post"}],"author":[{"embeddable":true,"href":"https:\/\/archive.sana.sy\/tr\/index.php?rest_route=\/wp\/v2\/users\/1"}],"replies":[{"embeddable":true,"href":"https:\/\/archive.sana.sy\/tr\/index.php?rest_route=%2Fwp%2Fv2%2Fcomments&post=9561"}],"version-history":[{"count":0,"href":"https:\/\/archive.sana.sy\/tr\/index.php?rest_route=\/wp\/v2\/posts\/9561\/revisions"}],"wp:featuredmedia":[{"embeddable":true,"href":"https:\/\/archive.sana.sy\/tr\/index.php?rest_route=\/wp\/v2\/media\/9562"}],"wp:attachment":[{"href":"https:\/\/archive.sana.sy\/tr\/index.php?rest_route=%2Fwp%2Fv2%2Fmedia&parent=9561"}],"wp:term":[{"taxonomy":"category","embeddable":true,"href":"https:\/\/archive.sana.sy\/tr\/index.php?rest_route=%2Fwp%2Fv2%2Fcategories&post=9561"},{"taxonomy":"post_tag","embeddable":true,"href":"https:\/\/archive.sana.sy\/tr\/index.php?rest_route=%2Fwp%2Fv2%2Ftags&post=9561"}],"curies":[{"name":"wp","href":"https:\/\/api.w.org\/{rel}","templated":true}]}}