{"id":95611,"date":"2016-11-21T11:16:38","date_gmt":"2016-11-21T09:16:38","guid":{"rendered":"http:\/\/www.sana.sy\/tr\/?p=95611"},"modified":"2016-11-22T10:10:25","modified_gmt":"2016-11-22T08:10:25","slug":"hasekeye-10-ton-ilac-gonderildi-2","status":"publish","type":"post","link":"https:\/\/archive.sana.sy\/tr\/?p=95611","title":{"rendered":"Haseke\u2019ye 10 Ton \u0130la\u00e7 G\u00f6nderildi"},"content":{"rendered":"<p>HASEKE \u2013 \u0130\u015f\u00e7i Sendikalar\u0131 Federasyonu Haseke \u0130l \u015eubesi bug\u00fcn, ba\u015fkent \u015eam ile Kam\u0131\u015fl\u0131 Havaliman\u0131 aras\u0131nda kurulan hava k\u00f6pr\u00fcs\u00fc arac\u0131l\u0131\u011f\u0131 ile 10 ton ila\u00e7 teslim ald\u0131.<\/p>\n<p>\u0130\u015f\u00e7i Sendikalar\u0131 Federasyonunun Haseke \u0130l \u015eube Ba\u015fkan\u0131 Fehmi \u0130liyo SANA\u2019n\u0131n Haseke muhabirine a\u00e7\u0131klamas\u0131nda; ila\u00e7lar\u0131n federasyona tabi eczanelerin yan\u0131 s\u0131ra \u00f6\u011fretmenler sendikas\u0131na tabi eczanelere da\u011f\u0131t\u0131laca\u011f\u0131n\u0131 a\u00e7\u0131klad\u0131.<\/p>\n<p>\u0130liyo Haseke\u2019de ila\u00e7 fiyatlar\u0131ndaki art\u0131\u015f ve \u00f6zel eczanelerin k\u0131sa yoldan zengin olma planlar\u0131n\u0131 \u00e7\u00f6kertmekle birlikte Haseke ahalisinin t\u00fcm ihtiya\u00e7 gereksinimlerini kar\u015f\u0131lama amac\u0131yla \u015eam\u2019dan periyodik olarak ila\u00e7 temini sa\u011flanaca\u011f\u0131n\u0131 ifade etti.<\/p>\n<p>\u0130la\u00e7lar\u0131n Sa\u011fl\u0131k Bakanl\u0131\u011f\u0131 arac\u0131l\u0131\u011f\u0131 ile direk \u015eam\u2019daki ila\u00e7 fabrikalar\u0131ndan sat\u0131n al\u0131nd\u0131\u011f\u0131na dikkat \u00e7eken \u0130liyo; bunlar\u0131n Haseke\u2019de mevcut ila\u00e7 piyasas\u0131 fiyatlar\u0131ndan %30 ila %50 oran\u0131nda daha az fiyata sat\u0131laca\u011f\u0131n\u0131 belirtti.<\/p>\n","protected":false},"excerpt":{"rendered":"<p>HASEKE \u2013 \u0130\u015f\u00e7i Sendikalar\u0131 Federasyonu Haseke \u0130l \u015eubesi bug\u00fcn, ba\u015fkent \u015eam ile Kam\u0131\u015fl\u0131 Havaliman\u0131 aras\u0131nda kurulan hava k\u00f6pr\u00fcs\u00fc arac\u0131l\u0131\u011f\u0131 ile 10 ton ila\u00e7 teslim ald\u0131. \u0130\u015f\u00e7i Sendikalar\u0131 Federasyonunun Haseke \u0130l \u015eube Ba\u015fkan\u0131 Fehmi \u0130liyo SANA\u2019n\u0131n Haseke muhabirine a\u00e7\u0131klamas\u0131nda; ila\u00e7lar\u0131n federasyona tabi eczanelerin yan\u0131 s\u0131ra \u00f6\u011fretmenler sendikas\u0131na tabi eczanelere da\u011f\u0131t\u0131laca\u011f\u0131n\u0131 a\u00e7\u0131klad\u0131. \u0130liyo Haseke\u2019de ila\u00e7 fiyatlar\u0131ndaki art\u0131\u015f &hellip;<\/p>\n","protected":false},"author":1,"featured_media":95612,"comment_status":"closed","ping_status":"closed","sticky":false,"template":"","format":"standard","meta":{"footnotes":""},"categories":[485,486,17988],"tags":[25406,1140,18253,25407,23867,19954],"class_list":["post-95611","post","type-post","status-publish","format-standard","has-post-thumbnail","","category-is-ve-sermaye","category-haberler-is-ve-sermaye","category-son-haberler","tag-eczane","tag-haseke","tag-ilac","tag-ilac-temini","tag-isci-sendikalari-federasyonu","tag-kamisli"],"_links":{"self":[{"href":"https:\/\/archive.sana.sy\/tr\/index.php?rest_route=\/wp\/v2\/posts\/95611","targetHints":{"allow":["GET"]}}],"collection":[{"href":"https:\/\/archive.sana.sy\/tr\/index.php?rest_route=\/wp\/v2\/posts"}],"about":[{"href":"https:\/\/archive.sana.sy\/tr\/index.php?rest_route=\/wp\/v2\/types\/post"}],"author":[{"embeddable":true,"href":"https:\/\/archive.sana.sy\/tr\/index.php?rest_route=\/wp\/v2\/users\/1"}],"replies":[{"embeddable":true,"href":"https:\/\/archive.sana.sy\/tr\/index.php?rest_route=%2Fwp%2Fv2%2Fcomments&post=95611"}],"version-history":[{"count":0,"href":"https:\/\/archive.sana.sy\/tr\/index.php?rest_route=\/wp\/v2\/posts\/95611\/revisions"}],"wp:featuredmedia":[{"embeddable":true,"href":"https:\/\/archive.sana.sy\/tr\/index.php?rest_route=\/wp\/v2\/media\/95612"}],"wp:attachment":[{"href":"https:\/\/archive.sana.sy\/tr\/index.php?rest_route=%2Fwp%2Fv2%2Fmedia&parent=95611"}],"wp:term":[{"taxonomy":"category","embeddable":true,"href":"https:\/\/archive.sana.sy\/tr\/index.php?rest_route=%2Fwp%2Fv2%2Fcategories&post=95611"},{"taxonomy":"post_tag","embeddable":true,"href":"https:\/\/archive.sana.sy\/tr\/index.php?rest_route=%2Fwp%2Fv2%2Ftags&post=95611"}],"curies":[{"name":"wp","href":"https:\/\/api.w.org\/{rel}","templated":true}]}}