{"id":95614,"date":"2016-11-21T11:00:40","date_gmt":"2016-11-21T09:00:40","guid":{"rendered":"http:\/\/www.sana.sy\/tr\/?p=95614"},"modified":"2016-11-21T14:32:48","modified_gmt":"2016-11-21T12:32:48","slug":"suriyeli-star-en-iyi-arap-oyuncusu-secildi","status":"publish","type":"post","link":"https:\/\/archive.sana.sy\/tr\/?p=95614","title":{"rendered":"Suriyeli Star, En \u0130yi Arap Oyuncusu Se\u00e7ildi"},"content":{"rendered":"<p>\u015eAM \u2013 Suriyeli \u00fcnl\u00fc oyuncu Suzan Necmeddin, M\u0131s\u0131r Uydu Televizyonunda yay\u0131nlanan \u2018Starlar\u0131n Ak\u015fam\u0131\u2019 adl\u0131 programda yap\u0131lan istatistikler do\u011frultusunda 2016 y\u0131l\u0131n\u0131n en iyi Arap oyuncusu olarak se\u00e7ildi.<\/p>\n<p>Program ekibi \u00f6zel bir diziyle Suriyeli star oyuncuyu onurland\u0131r\u0131rken; Necmeddin, M\u0131s\u0131rl\u0131 bu denli \u00f6nemli bir medya kurumu taraf\u0131ndan onurland\u0131r\u0131lmas\u0131n\u0131n kendine b\u00fcy\u00fck mutluluk verdi\u011fini ifade etti.<\/p>\n<p>Programda 3 ay s\u00fcren istatistik \u00e7al\u0131\u015fmalar\u0131 ard\u0131ndan izleyiciler, Arap sinemas\u0131 ve televizyon dizilerine \u00f6nemli katk\u0131lar\u0131ndan dolay\u0131 \u00e7o\u011funluk oyla Necmeddin\u2019i en iyi oyuncu olarak se\u00e7mi\u015flerdi.<\/p>\n<p><a href=\"http:\/\/www.sana.sy\/tr\/wp-content\/uploads\/2016\/11\/Suzan-Necmeddin-1.jpg\"><img loading=\"lazy\" decoding=\"async\" class=\"aligncenter wp-image-95617 size-medium\" src=\"http:\/\/www.sana.sy\/tr\/wp-content\/uploads\/2016\/11\/Suzan-Necmeddin-1-300x253.jpg\" alt=\"suzan-necmeddin-1\" width=\"300\" height=\"253\" srcset=\"https:\/\/archive.sana.sy\/tr\/wp-content\/uploads\/2016\/11\/Suzan-Necmeddin-1-300x253.jpg 300w, https:\/\/archive.sana.sy\/tr\/wp-content\/uploads\/2016\/11\/Suzan-Necmeddin-1-150x126.jpg 150w, https:\/\/archive.sana.sy\/tr\/wp-content\/uploads\/2016\/11\/Suzan-Necmeddin-1-768x646.jpg 768w, https:\/\/archive.sana.sy\/tr\/wp-content\/uploads\/2016\/11\/Suzan-Necmeddin-1.jpg 960w\" sizes=\"auto, (max-width: 300px) 100vw, 300px\" \/><\/a><\/p>\n<p>&nbsp;<\/p>\n","protected":false},"excerpt":{"rendered":"<p>\u015eAM \u2013 Suriyeli \u00fcnl\u00fc oyuncu Suzan Necmeddin, M\u0131s\u0131r Uydu Televizyonunda yay\u0131nlanan \u2018Starlar\u0131n Ak\u015fam\u0131\u2019 adl\u0131 programda yap\u0131lan istatistikler do\u011frultusunda 2016 y\u0131l\u0131n\u0131n en iyi Arap oyuncusu olarak se\u00e7ildi. Program ekibi \u00f6zel bir diziyle Suriyeli star oyuncuyu onurland\u0131r\u0131rken; Necmeddin, M\u0131s\u0131rl\u0131 bu denli \u00f6nemli bir medya kurumu taraf\u0131ndan onurland\u0131r\u0131lmas\u0131n\u0131n kendine b\u00fcy\u00fck mutluluk verdi\u011fini ifade etti. Programda 3 ay s\u00fcren &hellip;<\/p>\n","protected":false},"author":1,"featured_media":95616,"comment_status":"closed","ping_status":"closed","sticky":false,"template":"","format":"standard","meta":{"footnotes":""},"categories":[516,511,17988],"tags":[],"class_list":["post-95614","post","type-post","status-publish","format-standard","has-post-thumbnail","","category-haberler-kultur-ve-sanat","category-kultur-ve-sanat","category-son-haberler"],"_links":{"self":[{"href":"https:\/\/archive.sana.sy\/tr\/index.php?rest_route=\/wp\/v2\/posts\/95614","targetHints":{"allow":["GET"]}}],"collection":[{"href":"https:\/\/archive.sana.sy\/tr\/index.php?rest_route=\/wp\/v2\/posts"}],"about":[{"href":"https:\/\/archive.sana.sy\/tr\/index.php?rest_route=\/wp\/v2\/types\/post"}],"author":[{"embeddable":true,"href":"https:\/\/archive.sana.sy\/tr\/index.php?rest_route=\/wp\/v2\/users\/1"}],"replies":[{"embeddable":true,"href":"https:\/\/archive.sana.sy\/tr\/index.php?rest_route=%2Fwp%2Fv2%2Fcomments&post=95614"}],"version-history":[{"count":0,"href":"https:\/\/archive.sana.sy\/tr\/index.php?rest_route=\/wp\/v2\/posts\/95614\/revisions"}],"wp:featuredmedia":[{"embeddable":true,"href":"https:\/\/archive.sana.sy\/tr\/index.php?rest_route=\/wp\/v2\/media\/95616"}],"wp:attachment":[{"href":"https:\/\/archive.sana.sy\/tr\/index.php?rest_route=%2Fwp%2Fv2%2Fmedia&parent=95614"}],"wp:term":[{"taxonomy":"category","embeddable":true,"href":"https:\/\/archive.sana.sy\/tr\/index.php?rest_route=%2Fwp%2Fv2%2Fcategories&post=95614"},{"taxonomy":"post_tag","embeddable":true,"href":"https:\/\/archive.sana.sy\/tr\/index.php?rest_route=%2Fwp%2Fv2%2Ftags&post=95614"}],"curies":[{"name":"wp","href":"https:\/\/api.w.org\/{rel}","templated":true}]}}