{"id":95674,"date":"2016-11-21T16:16:38","date_gmt":"2016-11-21T14:16:38","guid":{"rendered":"http:\/\/www.sana.sy\/tr\/?p=95674"},"modified":"2016-11-21T16:16:38","modified_gmt":"2016-11-21T14:16:38","slug":"sam-cevre-kent-emniyet-mudurlugunde-bir-kaynak-dogu-gutada-bulunan-ve-vahhabi-al-suud-rejimine-tabi-olan-radikal-teroristlerin-sam-kirsali-haresta-banliyosu-ve-civarindaki-yerlesim-alanlarini","status":"publish","type":"post","link":"https:\/\/archive.sana.sy\/tr\/?p=95674","title":{"rendered":"\u015eam \u00c7evre Kent Emniyet M\u00fcd\u00fcrl\u00fc\u011f\u00fcnde bir kaynak Do\u011fu \u011euta\u2019da bulunan ve Vahhabi Al Suud rejimine tabi olan radikal ter\u00f6ristlerin \u015eam k\u0131rsal\u0131 Haresta Banliy\u00f6s\u00fc ve civar\u0131ndaki yerle\u015fim alanlar\u0131n\u0131 hedef alan f\u00fcze sald\u0131r\u0131lar\u0131nda 3 vatanda\u015f\u0131n \u015fehit, 21 vatanda\u015f\u0131n da yaral\u0131 d\u00fc\u015ft\u00fcklerini belirtti"},"content":{"rendered":"<p>\u015eam \u00c7evre Kent Emniyet M\u00fcd\u00fcrl\u00fc\u011f\u00fcnde bir kaynak Do\u011fu \u011euta\u2019da bulunan ve Vahhabi Al Suud rejimine tabi olan radikal ter\u00f6ristlerin \u015eam k\u0131rsal\u0131 Haresta Banliy\u00f6s\u00fc ve civar\u0131ndaki yerle\u015fim alanlar\u0131n\u0131 hedef alan f\u00fcze sald\u0131r\u0131lar\u0131nda 3 vatanda\u015f\u0131n \u015fehit, 21 vatanda\u015f\u0131n da yaral\u0131 d\u00fc\u015ft\u00fcklerini belirtti<\/p>\n","protected":false},"excerpt":{"rendered":"<p>\u015eam \u00c7evre Kent Emniyet M\u00fcd\u00fcrl\u00fc\u011f\u00fcnde bir kaynak Do\u011fu \u011euta\u2019da bulunan ve Vahhabi Al Suud rejimine tabi olan radikal ter\u00f6ristlerin \u015eam k\u0131rsal\u0131 Haresta Banliy\u00f6s\u00fc ve civar\u0131ndaki yerle\u015fim alanlar\u0131n\u0131 hedef alan f\u00fcze sald\u0131r\u0131lar\u0131nda 3 vatanda\u015f\u0131n \u015fehit, 21 vatanda\u015f\u0131n da yaral\u0131 d\u00fc\u015ft\u00fcklerini belirtti<\/p>\n","protected":false},"author":1,"featured_media":0,"comment_status":"closed","ping_status":"closed","sticky":false,"template":"","format":"standard","meta":{"footnotes":""},"categories":[17991],"tags":[],"class_list":["post-95674","post","type-post","status-publish","format-standard","","category-son-dakika"],"_links":{"self":[{"href":"https:\/\/archive.sana.sy\/tr\/index.php?rest_route=\/wp\/v2\/posts\/95674","targetHints":{"allow":["GET"]}}],"collection":[{"href":"https:\/\/archive.sana.sy\/tr\/index.php?rest_route=\/wp\/v2\/posts"}],"about":[{"href":"https:\/\/archive.sana.sy\/tr\/index.php?rest_route=\/wp\/v2\/types\/post"}],"author":[{"embeddable":true,"href":"https:\/\/archive.sana.sy\/tr\/index.php?rest_route=\/wp\/v2\/users\/1"}],"replies":[{"embeddable":true,"href":"https:\/\/archive.sana.sy\/tr\/index.php?rest_route=%2Fwp%2Fv2%2Fcomments&post=95674"}],"version-history":[{"count":0,"href":"https:\/\/archive.sana.sy\/tr\/index.php?rest_route=\/wp\/v2\/posts\/95674\/revisions"}],"wp:attachment":[{"href":"https:\/\/archive.sana.sy\/tr\/index.php?rest_route=%2Fwp%2Fv2%2Fmedia&parent=95674"}],"wp:term":[{"taxonomy":"category","embeddable":true,"href":"https:\/\/archive.sana.sy\/tr\/index.php?rest_route=%2Fwp%2Fv2%2Fcategories&post=95674"},{"taxonomy":"post_tag","embeddable":true,"href":"https:\/\/archive.sana.sy\/tr\/index.php?rest_route=%2Fwp%2Fv2%2Ftags&post=95674"}],"curies":[{"name":"wp","href":"https:\/\/api.w.org\/{rel}","templated":true}]}}