{"id":9568,"date":"2014-09-10T09:13:08","date_gmt":"2014-09-10T06:13:08","guid":{"rendered":"http:\/\/www.sana.sy\/tr\/?p=9568"},"modified":"2014-09-11T08:53:41","modified_gmt":"2014-09-11T05:53:41","slug":"hama-kuzey-kirsalinin-bazi-bolgeleri-ordunun-kontrolu-altinda","status":"publish","type":"post","link":"https:\/\/archive.sana.sy\/tr\/?p=9568","title":{"rendered":"Hama Kuzey K\u0131rsal\u0131n\u0131n Baz\u0131 B\u00f6lgeleri Ordunun Kontrol\u00fc Alt\u0131nda"},"content":{"rendered":"<p>HAMA \u2013 Kahraman ordu birliklerimiz Hama kuzey k\u0131rsal\u0131n\u0131n baz\u0131 K\u00f6y ve Beldelerini hain ve kiral\u0131k ter\u00f6ristlerden ar\u0131nd\u0131rmas\u0131 ard\u0131ndan g\u00fcven ve istikrar\u0131 sa\u011flad\u0131.<\/p>\n<p>Askeri kaynak, ordu birliklerimizin ulusal savunma ile i\u015fbirli\u011fiyle Irze, Hattab, Hurbat al Hucama, Belh\u00fcseyn, Kusayiye, \u015eeraya, Tel el Samsam ve T\u0131ybat el \u0130mam Beldesinin bat\u0131s\u0131na d\u00fc\u015fen Al Tilal K\u00f6y ve Beldelerinde g\u00fcven ve istikrar\u0131 sa\u011flad\u0131.<\/p>\n<p>Ordu birliklerimiz s\u00f6z konusu K\u00f6y ve Beldelerde g\u00fcven ve istikrar\u0131 sa\u011flamadan \u00f6nce \u00e7o\u011fu yabanc\u0131 uyruklu \u00e7ok say\u0131da ter\u00f6risti \u00f6ld\u00fcrd\u00fc ellerinde bulunan \u00e7ok say\u0131da silah, cephane ve ara\u00e7lar\u0131n\u0131 da imha etti.<\/p>\n","protected":false},"excerpt":{"rendered":"<p>HAMA \u2013 Kahraman ordu birliklerimiz Hama kuzey k\u0131rsal\u0131n\u0131n baz\u0131 K\u00f6y ve Beldelerini hain ve kiral\u0131k ter\u00f6ristlerden ar\u0131nd\u0131rmas\u0131 ard\u0131ndan g\u00fcven ve istikrar\u0131 sa\u011flad\u0131. Askeri kaynak, ordu birliklerimizin ulusal savunma ile i\u015fbirli\u011fiyle Irze, Hattab, Hurbat al Hucama, Belh\u00fcseyn, Kusayiye, \u015eeraya, Tel el Samsam ve T\u0131ybat el \u0130mam Beldesinin bat\u0131s\u0131na d\u00fc\u015fen Al Tilal K\u00f6y ve Beldelerinde g\u00fcven ve &hellip;<\/p>\n","protected":false},"author":1,"featured_media":9570,"comment_status":"closed","ping_status":"closed","sticky":false,"template":"","format":"standard","meta":{"footnotes":""},"categories":[575],"tags":[2152],"class_list":["post-9568","post","type-post","status-publish","format-standard","has-post-thumbnail","","category-olaylar-ve-gercekler","tag-hama-kuzey-kirsalinin-bazi-bolgeleri-ordunun-kontrolu-altinda"],"_links":{"self":[{"href":"https:\/\/archive.sana.sy\/tr\/index.php?rest_route=\/wp\/v2\/posts\/9568","targetHints":{"allow":["GET"]}}],"collection":[{"href":"https:\/\/archive.sana.sy\/tr\/index.php?rest_route=\/wp\/v2\/posts"}],"about":[{"href":"https:\/\/archive.sana.sy\/tr\/index.php?rest_route=\/wp\/v2\/types\/post"}],"author":[{"embeddable":true,"href":"https:\/\/archive.sana.sy\/tr\/index.php?rest_route=\/wp\/v2\/users\/1"}],"replies":[{"embeddable":true,"href":"https:\/\/archive.sana.sy\/tr\/index.php?rest_route=%2Fwp%2Fv2%2Fcomments&post=9568"}],"version-history":[{"count":0,"href":"https:\/\/archive.sana.sy\/tr\/index.php?rest_route=\/wp\/v2\/posts\/9568\/revisions"}],"wp:featuredmedia":[{"embeddable":true,"href":"https:\/\/archive.sana.sy\/tr\/index.php?rest_route=\/wp\/v2\/media\/9570"}],"wp:attachment":[{"href":"https:\/\/archive.sana.sy\/tr\/index.php?rest_route=%2Fwp%2Fv2%2Fmedia&parent=9568"}],"wp:term":[{"taxonomy":"category","embeddable":true,"href":"https:\/\/archive.sana.sy\/tr\/index.php?rest_route=%2Fwp%2Fv2%2Fcategories&post=9568"},{"taxonomy":"post_tag","embeddable":true,"href":"https:\/\/archive.sana.sy\/tr\/index.php?rest_route=%2Fwp%2Fv2%2Ftags&post=9568"}],"curies":[{"name":"wp","href":"https:\/\/api.w.org\/{rel}","templated":true}]}}