{"id":95681,"date":"2016-11-21T16:44:51","date_gmt":"2016-11-21T14:44:51","guid":{"rendered":"http:\/\/www.sana.sy\/tr\/?p=95681"},"modified":"2016-11-21T16:44:51","modified_gmt":"2016-11-21T14:44:51","slug":"askeri-kaynak-ordu-birliklerimizin-lazkiye-kirsalinin-kuzeyinde-erdogan-rejimine-tabi-cokuluslu-ve-radikal-teroristlere-yonelik-operasyonlari-kapsaminda-kebbani-bolgesinde-agir-makineli-silahla-donati","status":"publish","type":"post","link":"https:\/\/archive.sana.sy\/tr\/?p=95681","title":{"rendered":"Askeri kaynak ordu birliklerimizin Lazkiye k\u0131rsal\u0131n\u0131n kuzeyinde Erdo\u011fan rejimine tabi \u00e7okuluslu ve radikal ter\u00f6ristlere y\u00f6nelik operasyonlar\u0131 kapsam\u0131nda Kebbani B\u00f6lgesinde a\u011f\u0131r makineli silahla donat\u0131lm\u0131\u015f bir arac\u0131 i\u00e7indeki ter\u00f6ristlerle birlikte imha ettiklerini aktard\u0131"},"content":{"rendered":"<p>Askeri kaynak ordu birliklerimizin Lazkiye k\u0131rsal\u0131n\u0131n kuzeyinde Erdo\u011fan rejimine tabi \u00e7okuluslu ve radikal ter\u00f6ristlere y\u00f6nelik operasyonlar\u0131 kapsam\u0131nda Kebbani B\u00f6lgesinde a\u011f\u0131r makineli silahla donat\u0131lm\u0131\u015f bir arac\u0131 i\u00e7indeki ter\u00f6ristlerle birlikte imha ettiklerini aktard\u0131<\/p>\n","protected":false},"excerpt":{"rendered":"<p>Askeri kaynak ordu birliklerimizin Lazkiye k\u0131rsal\u0131n\u0131n kuzeyinde Erdo\u011fan rejimine tabi \u00e7okuluslu ve radikal ter\u00f6ristlere y\u00f6nelik operasyonlar\u0131 kapsam\u0131nda Kebbani B\u00f6lgesinde a\u011f\u0131r makineli silahla donat\u0131lm\u0131\u015f bir arac\u0131 i\u00e7indeki ter\u00f6ristlerle birlikte imha ettiklerini aktard\u0131<\/p>\n","protected":false},"author":1,"featured_media":0,"comment_status":"closed","ping_status":"closed","sticky":false,"template":"","format":"standard","meta":{"footnotes":""},"categories":[17991],"tags":[],"class_list":["post-95681","post","type-post","status-publish","format-standard","","category-son-dakika"],"_links":{"self":[{"href":"https:\/\/archive.sana.sy\/tr\/index.php?rest_route=\/wp\/v2\/posts\/95681","targetHints":{"allow":["GET"]}}],"collection":[{"href":"https:\/\/archive.sana.sy\/tr\/index.php?rest_route=\/wp\/v2\/posts"}],"about":[{"href":"https:\/\/archive.sana.sy\/tr\/index.php?rest_route=\/wp\/v2\/types\/post"}],"author":[{"embeddable":true,"href":"https:\/\/archive.sana.sy\/tr\/index.php?rest_route=\/wp\/v2\/users\/1"}],"replies":[{"embeddable":true,"href":"https:\/\/archive.sana.sy\/tr\/index.php?rest_route=%2Fwp%2Fv2%2Fcomments&post=95681"}],"version-history":[{"count":0,"href":"https:\/\/archive.sana.sy\/tr\/index.php?rest_route=\/wp\/v2\/posts\/95681\/revisions"}],"wp:attachment":[{"href":"https:\/\/archive.sana.sy\/tr\/index.php?rest_route=%2Fwp%2Fv2%2Fmedia&parent=95681"}],"wp:term":[{"taxonomy":"category","embeddable":true,"href":"https:\/\/archive.sana.sy\/tr\/index.php?rest_route=%2Fwp%2Fv2%2Fcategories&post=95681"},{"taxonomy":"post_tag","embeddable":true,"href":"https:\/\/archive.sana.sy\/tr\/index.php?rest_route=%2Fwp%2Fv2%2Ftags&post=95681"}],"curies":[{"name":"wp","href":"https:\/\/api.w.org\/{rel}","templated":true}]}}