{"id":95696,"date":"2016-11-21T21:10:00","date_gmt":"2016-11-21T19:10:00","guid":{"rendered":"http:\/\/www.sana.sy\/tr\/?p=95696"},"modified":"2016-11-22T12:20:18","modified_gmt":"2016-11-22T10:20:18","slug":"erdogan-rejimi-sivillere-karsi-yeni-bir-katliam-isledi","status":"publish","type":"post","link":"https:\/\/archive.sana.sy\/tr\/?p=95696","title":{"rendered":"Erdo\u011fan Rejimi Sivillere Kar\u015f\u0131 Yeni Bir Katliam \u0130\u015fledi"},"content":{"rendered":"<p>HALEP \u2013 T\u00fcrk sava\u015f u\u00e7aklar\u0131 Halep k\u0131rsal\u0131n\u0131n kuzeyi Bab Kentinin de kuzeydo\u011fusunda yer alan \u015eeyh Nas\u0131r Beldesinde insanl\u0131k d\u0131\u015f\u0131 bir katliamda bulunarak en az 7 sivil vatanda\u015f\u0131n kurban gitmelerine yol a\u00e7t\u0131.<\/p>\n<p>Birbiriyle uyumlu medya ara\u00e7lar\u0131 ve yerel kaynaklar, Amerikal\u0131 insans\u0131z bir hava arac\u0131 arac\u0131l\u0131\u011f\u0131 ile T\u00fcrk sava\u015f u\u00e7aklar\u0131n Pazar ak\u015fam\u0131 beldede sivil vatanda\u015flar\u0131n evlerini bombalad\u0131klar\u0131n\u0131 aktard\u0131. Kaynaklar 7 sivil vatanda\u015f\u0131n \u015fehit, 10 vatanda\u015f\u0131n da yaral\u0131 d\u00fc\u015ft\u00fcklerini ifade ederken, bir\u00e7ok evde b\u00fcy\u00fck maddi hasar olu\u015ftu\u011funu ifade etti.<\/p>\n<p>T\u00fcrk sava\u015f u\u00e7aklar\u0131n\u0131n 19 Ekim tarihinde Halep k\u0131rsal\u0131n\u0131n kuzeyinde yer alan Hisac\u0131k, Verdiye, Hesye, G\u00fclsuruc, Sed el \u015eehba, Ihr\u0131s ve Um Hav\u015f b\u00f6lgelerinde sivil b\u00f6lgeleri bombalamalar\u0131yla Erdo\u011fan rejimi 150 masum sivil insandan fazla ki\u015finin kurban gitti\u011fi insanl\u0131k di\u015fi bir katliamda bulunmu\u015ftu.<\/p>\n","protected":false},"excerpt":{"rendered":"<p>HALEP \u2013 T\u00fcrk sava\u015f u\u00e7aklar\u0131 Halep k\u0131rsal\u0131n\u0131n kuzeyi Bab Kentinin de kuzeydo\u011fusunda yer alan \u015eeyh Nas\u0131r Beldesinde insanl\u0131k d\u0131\u015f\u0131 bir katliamda bulunarak en az 7 sivil vatanda\u015f\u0131n kurban gitmelerine yol a\u00e7t\u0131. Birbiriyle uyumlu medya ara\u00e7lar\u0131 ve yerel kaynaklar, Amerikal\u0131 insans\u0131z bir hava arac\u0131 arac\u0131l\u0131\u011f\u0131 ile T\u00fcrk sava\u015f u\u00e7aklar\u0131n Pazar ak\u015fam\u0131 beldede sivil vatanda\u015flar\u0131n evlerini bombalad\u0131klar\u0131n\u0131 &hellip;<\/p>\n","protected":false},"author":1,"featured_media":95698,"comment_status":"closed","ping_status":"closed","sticky":false,"template":"","format":"standard","meta":{"footnotes":""},"categories":[479,17988,2554,2555,478],"tags":[25419,25418],"class_list":["post-95696","post","type-post","status-publish","format-standard","has-post-thumbnail","","category-haberler-yerel","category-son-haberler","category-suriye-ve-dunya","category-suriye-ve-turkiye","category-yerel","tag-erdogan-rejimi-sivillere-karsi-yeni-bir-katliam-isledi","tag-turk-savas-ucaklari-halep-kirsalinin-kuzeyi-bab-kentinin-de-kuzeydogusunda-yer-alan-seyh-nasir-beldesinde-insanlik-disi-bir-katliamda-bulunarak-en-az-7-sivil-vatandasin-kurban-gitmelerine-yol-acti"],"_links":{"self":[{"href":"https:\/\/archive.sana.sy\/tr\/index.php?rest_route=\/wp\/v2\/posts\/95696","targetHints":{"allow":["GET"]}}],"collection":[{"href":"https:\/\/archive.sana.sy\/tr\/index.php?rest_route=\/wp\/v2\/posts"}],"about":[{"href":"https:\/\/archive.sana.sy\/tr\/index.php?rest_route=\/wp\/v2\/types\/post"}],"author":[{"embeddable":true,"href":"https:\/\/archive.sana.sy\/tr\/index.php?rest_route=\/wp\/v2\/users\/1"}],"replies":[{"embeddable":true,"href":"https:\/\/archive.sana.sy\/tr\/index.php?rest_route=%2Fwp%2Fv2%2Fcomments&post=95696"}],"version-history":[{"count":0,"href":"https:\/\/archive.sana.sy\/tr\/index.php?rest_route=\/wp\/v2\/posts\/95696\/revisions"}],"wp:featuredmedia":[{"embeddable":true,"href":"https:\/\/archive.sana.sy\/tr\/index.php?rest_route=\/wp\/v2\/media\/95698"}],"wp:attachment":[{"href":"https:\/\/archive.sana.sy\/tr\/index.php?rest_route=%2Fwp%2Fv2%2Fmedia&parent=95696"}],"wp:term":[{"taxonomy":"category","embeddable":true,"href":"https:\/\/archive.sana.sy\/tr\/index.php?rest_route=%2Fwp%2Fv2%2Fcategories&post=95696"},{"taxonomy":"post_tag","embeddable":true,"href":"https:\/\/archive.sana.sy\/tr\/index.php?rest_route=%2Fwp%2Fv2%2Ftags&post=95696"}],"curies":[{"name":"wp","href":"https:\/\/api.w.org\/{rel}","templated":true}]}}