{"id":9575,"date":"2014-09-11T12:30:57","date_gmt":"2014-09-11T09:30:57","guid":{"rendered":"http:\/\/www.sana.sy\/tr\/?p=9575"},"modified":"2014-09-11T13:38:42","modified_gmt":"2014-09-11T10:38:42","slug":"deyrezzor-ve-kunaytrada-cok-sayida-kiralik-terorist-olduruldu","status":"publish","type":"post","link":"https:\/\/archive.sana.sy\/tr\/?p=9575","title":{"rendered":"Deyrezzor ve Kunaytra\u2019da \u00c7ok Say\u0131da Kiral\u0131k Ter\u00f6rist \u00d6ld\u00fcr\u00fcld\u00fc"},"content":{"rendered":"<p>\u0130LLER \u2013 Kahraman Birliklerimizin ter\u00f6r ve ter\u00f6ristlere y\u00f6nelik operasyonlar\u0131 t\u00fcm h\u0131z\u0131yla muhtelif b\u00f6lgelerde s\u00fcrerken d\u00fczenlenen operasyonlarda \u00e7ok say\u0131da ter\u00f6rist \u00f6ld\u00fcr\u00fcld\u00fc, ellerindeki su\u00e7 edatlar\u0131 da imha edildi.<\/p>\n<p><span style=\"color: #0000ff\">\u015eam K\u0131rsal\u0131nda Karargahlar\u0131 \u0130\u00e7indeki Yabanc\u0131 Ter\u00f6r Eleba\u015flar\u0131yla Hedef Al\u0131nd\u0131<\/span><\/p>\n<p>Askeri kaynak \u015eam k\u0131rsal\u0131 Duma B\u00f6lgesinde ter\u00f6ristlerin bir karargah\u0131n\u0131 imha ederek i\u00e7inde bulunan ve geneli yabanc\u0131lardan olu\u015fan 20 ter\u00f6risti \u00f6l\u00fc, \u00e7ok say\u0131da ter\u00f6risti de yaral\u0131d \u00fc\u015f\u00fcrd\u00fcklerini belirtti.<\/p>\n<p>\u015eam k\u0131rsal\u0131n\u0131n Ayn Terma ve Duhhaniye b\u00f6lgelerinin yan\u0131 s\u0131ra Cobar B\u00f6lgesinde ter\u00f6ristlerin yuva ve karargahlar\u0131n\u0131 muhtevalar\u0131yla hedef alarak y\u00fcksek say\u0131da ter\u00f6risti \u00f6l\u00fc yaral\u0131 d\u00fc\u015f\u00fcrd\u00fc.<\/p>\n<p>\u015eam k\u0131rsal\u0131n\u0131n Kalemon da\u011flar\u0131nda ter\u00f6ristleri kovalama ve yuvalar\u0131n\u0131 tahrip etme operasyonlar\u0131n\u0131 s\u00fcrd\u00fcren ordu birliklerimiz, \u00e7ok say\u0131da ter\u00f6risti \u00f6l\u00fc yaral\u0131 d\u00fc\u015f\u00fcrd\u00fc.<\/p>\n<p>Ordu Birliklerimiz Cobar B\u00f6lgesinde kontrol\u00fc alt\u0131ndaki b\u00f6lgeleri geni\u015fletiyor.<\/p>\n<div style=\"width: 618px;\" class=\"wp-video\"><!--[if lt IE 9]><script>document.createElement('video');<\/script><![endif]-->\n<video class=\"wp-video-shortcode\" id=\"video-9575-1\" width=\"618\" height=\"348\" preload=\"metadata\" controls=\"controls\"><source type=\"video\/x-flv\" src=\"http:\/\/www.sana.sy\/tr\/wp-content\/uploads\/2014\/09\/Cobar2.flv?_=1\" \/><a href=\"http:\/\/www.sana.sy\/tr\/wp-content\/uploads\/2014\/09\/Cobar2.flv\">http:\/\/www.sana.sy\/tr\/wp-content\/uploads\/2014\/09\/Cobar2.flv<\/a><\/video><\/div>\n<p><span style=\"color: #0000ff\">Deyrezzor\u2019da 21 Metre Uzunlu\u011funda T\u00fcnel \u0130mha Edildi<\/span><\/p>\n<p>Askeri kaynak SANA muhabirine a\u00e7\u0131klamas\u0131nda, ordu birliklerimizin Deyrezzor el Urfi Semtinde ter\u00f6ristlerin silah ve cephane ta\u015f\u0131mada kulland\u0131klar\u0131 21 metre uzunlu\u011funda bir t\u00fcneli havaya u\u00e7urduklar\u0131n\u0131 i\u00e7inde bulunan b\u00fct\u00fcn ter\u00f6ristlerinde \u00f6ld\u00fcr\u00fcld\u00fc\u011f\u00fcn\u00fc s\u00f6yledi.<\/p>\n<p>Kaynak, ordu birliklerimizin Huveyka ve Re\u015fidiye Semtlerinde de s\u00f6zde \u201cIrak ve \u015eam \u0130sl\u015fam Devleti\u201d adl\u0131 ter\u00f6r \u00f6rg\u00fct\u00fcnden \u00e7ok say\u0131da ter\u00f6risti \u00f6l\u00fc ve yaral\u0131 d\u00fc\u015f\u00fcrd\u00fcklerini belirtti.<\/p>\n<p>Kaynak, \u00f6ld\u00fcr\u00fclen ter\u00f6ristlerden M\u0131s\u0131r uyruklu Abu Hacer el M\u0131sri\u2019nin bulundu\u011funu ifade etti.<\/p>\n<p>Kaynak ordu birliklerimizin, kentin k\u0131rsal\u0131ndaki Mreiye K\u00f6y\u00fcn\u00fcn mezralar\u0131nda \u00f6rg\u00fct ter\u00f6ristleriyle \u00e7at\u0131\u015fmaya girdiklerini \u00e7ok say\u0131da ter\u00f6risti \u00f6l\u00fc ve yaral\u0131 d\u00fc\u015f\u00fcrd\u00fcklerini \u00f6len ter\u00f6ristler aras\u0131nda Hattab \u00d6mer el Salal\u2019\u0131n kimli\u011finin belirlendi\u011fini s\u00f6yledi.<\/p>\n<p>Kahraman ordu birliklerimiz bug\u00fcn Deyrezzor Kenti el Urfi Semtinde ter\u00f6ristlerin silah ve cephane ta\u015f\u0131mada kulland\u0131klar\u0131 21 metre uzunlu\u011funda bir t\u00fcneli havaya u\u00e7urdu.<\/p>\n<p>Askeri kaynak Ordu birliklerimizin Deyrezzor k\u0131rsal\u0131nda; el Mayadin, Z\u00fcbyen ve Mohasan\u2019da ter\u00f6rist topluluklara sald\u0131rmas\u0131 sonucu \u00e7ok say\u0131da ter\u00f6ristin \u00f6l\u00fc ve yaral\u0131 olarak d\u00fc\u015ft\u00fc\u011f\u00fcn\u00fc bildirdi.<\/p>\n<p><span style=\"color: #0000ff\">Kunaytra K\u0131rsal\u0131nda Ter\u00f6ristlerin Z\u0131rhl\u0131 Ara\u00e7lar\u0131 \u0130mha Edildi<\/span><\/p>\n<p>Askeri kaynak, ordu birliklerimizin Kunaytra k\u0131rsal\u0131 Meshara Beldesinde ter\u00f6ristlerin bir z\u0131rhl\u0131 ara\u00e7lar\u0131n\u0131 imha ettiklerini, Beldenin kuzeydo\u011fusu, Um Bat\u0131na ve Nebi el Sahr\u2019da \u00e7ok say\u0131da ter\u00f6risti \u00f6l\u00fc ve yaral\u0131 d\u00fc\u015f\u00fcrd\u00fcklerini ellerindeki silah ve cephaneyi de imha ettiklerini s\u00f6yledi.<\/p>\n<p><span style=\"color: #0000ff\">Halep ve K\u0131rsal\u0131nda Ter\u00f6rist Gruplar T\u00fcm Elemanlar\u0131yla \u00d6ld\u00fcr\u00fcld\u00fc<\/span><\/p>\n<p>Askeri kaynak ordu birliklerimizin Halep ve k\u0131rsal\u0131n\u0131n Akula, Humeyme, Palas, Harmel, Hanano, Tel \u015eair, S\u00fckkeri, Daret Ezza, Leyremun ve A\u011fyur\u2019da ter\u00f6ristlerin toplanma merkezlerini hedef almalar\u0131 sonucunda \u00e7ok say\u0131da ter\u00f6risti \u00f6l\u00fc ve yaral\u0131 d\u00fc\u015f\u00fcrd\u00fcklerini ellerindeki silah ve cephaneyi de imha ettiklerini s\u00f6yledi.<\/p>\n<p>Bu arada ordu birliklerimiz ayr\u0131ca el Neyreb Havaalan\u0131n\u0131n bat\u0131s\u0131nda bir ter\u00f6r grubunu, S\u00fcleyman el Halebi B\u00f6lgesindeki Hanaser \u2013 Sfeyre ekseninde de 2 ter\u00f6r grubunu t\u00fcm elemanlar\u0131yla \u00f6ld\u00fcrd\u00fc, Anadan\u2019da da i\u00e7indeki ter\u00f6rist ve silahlarla birlikte 3 arac\u0131 etkisiz hale getirdi.<\/p>\n<p><span style=\"color: #0000ff\">\u0130dlib K\u0131rsal\u0131nda Ter\u00f6ristlerin H\u00fccre K\u00fcmelenme Yerleri Hedef Al\u0131nd\u0131<\/span><\/p>\n<p>Askeri kaynak, ordu birliklerimizin \u0130dlib k\u0131rsal\u0131n\u0131n Serakib, Abu el Duhur, Marrat el Numan, Maar \u015eorin ve Benni\u015f\u2019te ter\u00f6ristlerin h\u00fccre ve toplanma merkezlerini hedef almalar\u0131 sonucunda \u00e7ok say\u0131da ter\u00f6ristin \u00f6l\u00fc ve yaral\u0131 d\u00fc\u015f\u00fcr\u00fcld\u00fc\u011f\u00fcn\u00fc s\u00f6yledi.<\/p>\n<p>Kaynak ordu birliklerimizin \u0130dlib k\u0131rsal\u0131n\u0131n el Dayf Vadisi civar\u0131, Kefar Necd, Maar Bleyd, Talaf, Debe\u015fiyye, Cdeyde ve Buvayti b\u00f6lgelerinde tekfirci ve hainlerin k\u00fcmelenme yerlerini hedef alarak onlarcas\u0131n\u0131 \u00f6l\u00fc yaral\u0131 d\u00fc\u015f\u00fcrd\u00fcklerini belirtti.<\/p>\n<p><span style=\"color: #0000ff\">Dera K\u0131rsal\u0131 Atman Beldesi Kuzeyinde Ter\u00f6r Eleba\u015flar\u0131n\u0131n Bulundu\u011fu H\u00fccre \u00c7\u00f6kertildi<\/span><\/p>\n<p>Askeri kaynak ordu birliklerimizin Dera k\u0131rsal\u0131 Atman Beldesinin kuzeyinde ter\u00f6rist eleba\u015flar\u0131n\u0131n i\u00e7inde bulundu\u011fu bir ter\u00f6r h\u00fccresini imha ettiklerini, Beldenin bat\u0131 taraf\u0131ndan Beldeye ter\u00f6ristlerin s\u0131zma giri\u015fimlerini \u00e7\u00f6kerttiklerini s\u00f6z konusu operasyonda \u00e7ok say\u0131da ter\u00f6ristin \u00f6ld\u00fcr\u00fcld\u00fc\u011f\u00fcn\u00fc ellerindeki silah ve cephanenin de etkisiz hale getirildi\u011fini ifade etti.<\/p>\n<p>Kaynak, birliklerimizin Beldenin el Varidat B\u00f6lgesindeki el Esved Camiinin \u00e7evresi ve el Mecbel\u2019in kuzeydo\u011fusunda baz\u0131 ter\u00f6ristleri \u00f6ld\u00fcrd\u00fcklerini, Atman \u2013 Tafas Beldeleri aras\u0131nda bir buldozeri imha ettiklerini, Semlin ve Anhel Beldesinin \u00e7evresinde iki ter\u00f6r h\u00fccresini i\u00e7indeki ter\u00f6ristlerle birlikte etkisiz hale getirdiklerini s\u00f6yledi.<\/p>\n<p>Kaynak, birliklerimizin Atman Beldesinin kuzeyindeki Mena\u015fir ve Dera Beled\u2019teki Eba Zeyd su deposunun kuzeyinde \u00e7ok say\u0131da ter\u00f6risti \u00f6l\u00fc ve yaral\u0131 d\u00fc\u015f\u00fcrd\u00fcklerini belirtti.<\/p>\n<p><span style=\"color: #0000ff\">Hama&#8217;da Ter\u00f6rist Topluluklara Kar\u015f\u0131 Harekat:<\/span><\/p>\n<p>Askeri bir kaynak kahraman ordu birliklerimizin Hama k\u0131rsal\u0131nda Latamine ve M\u00fcrek\u2019de ter\u00f6rist topluluklara kar\u015f\u0131 harekat ba\u015flatt\u0131\u011f\u0131n\u0131 ve \u00e7ok say\u0131da ter\u00f6risti \u00f6ld\u00fcrd\u00fc\u011f\u00fcn\u00fc bildirdi.<\/p>\n","protected":false},"excerpt":{"rendered":"<p>\u0130LLER \u2013 Kahraman Birliklerimizin ter\u00f6r ve ter\u00f6ristlere y\u00f6nelik operasyonlar\u0131 t\u00fcm h\u0131z\u0131yla muhtelif b\u00f6lgelerde s\u00fcrerken d\u00fczenlenen operasyonlarda \u00e7ok say\u0131da ter\u00f6rist \u00f6ld\u00fcr\u00fcld\u00fc, ellerindeki su\u00e7 edatlar\u0131 da imha edildi. \u015eam K\u0131rsal\u0131nda Karargahlar\u0131 \u0130\u00e7indeki Yabanc\u0131 Ter\u00f6r Eleba\u015flar\u0131yla Hedef Al\u0131nd\u0131 Askeri kaynak \u015eam k\u0131rsal\u0131 Duma B\u00f6lgesinde ter\u00f6ristlerin bir karargah\u0131n\u0131 imha ederek i\u00e7inde bulunan ve geneli yabanc\u0131lardan olu\u015fan 20 ter\u00f6risti \u00f6l\u00fc, &hellip;<\/p>\n","protected":false},"author":1,"featured_media":9577,"comment_status":"closed","ping_status":"closed","sticky":false,"template":"","format":"standard","meta":{"footnotes":""},"categories":[575],"tags":[],"class_list":["post-9575","post","type-post","status-publish","format-standard","has-post-thumbnail","","category-olaylar-ve-gercekler"],"_links":{"self":[{"href":"https:\/\/archive.sana.sy\/tr\/index.php?rest_route=\/wp\/v2\/posts\/9575","targetHints":{"allow":["GET"]}}],"collection":[{"href":"https:\/\/archive.sana.sy\/tr\/index.php?rest_route=\/wp\/v2\/posts"}],"about":[{"href":"https:\/\/archive.sana.sy\/tr\/index.php?rest_route=\/wp\/v2\/types\/post"}],"author":[{"embeddable":true,"href":"https:\/\/archive.sana.sy\/tr\/index.php?rest_route=\/wp\/v2\/users\/1"}],"replies":[{"embeddable":true,"href":"https:\/\/archive.sana.sy\/tr\/index.php?rest_route=%2Fwp%2Fv2%2Fcomments&post=9575"}],"version-history":[{"count":0,"href":"https:\/\/archive.sana.sy\/tr\/index.php?rest_route=\/wp\/v2\/posts\/9575\/revisions"}],"wp:featuredmedia":[{"embeddable":true,"href":"https:\/\/archive.sana.sy\/tr\/index.php?rest_route=\/wp\/v2\/media\/9577"}],"wp:attachment":[{"href":"https:\/\/archive.sana.sy\/tr\/index.php?rest_route=%2Fwp%2Fv2%2Fmedia&parent=9575"}],"wp:term":[{"taxonomy":"category","embeddable":true,"href":"https:\/\/archive.sana.sy\/tr\/index.php?rest_route=%2Fwp%2Fv2%2Fcategories&post=9575"},{"taxonomy":"post_tag","embeddable":true,"href":"https:\/\/archive.sana.sy\/tr\/index.php?rest_route=%2Fwp%2Fv2%2Ftags&post=9575"}],"curies":[{"name":"wp","href":"https:\/\/api.w.org\/{rel}","templated":true}]}}