{"id":95769,"date":"2016-11-22T08:59:13","date_gmt":"2016-11-22T06:59:13","guid":{"rendered":"http:\/\/www.sana.sy\/tr\/?p=95769"},"modified":"2016-11-22T13:59:55","modified_gmt":"2016-11-22T11:59:55","slug":"sananin-kunaytra-muhabiri-topcu-birliklerimizin-kunaytra-kirsalinin-kuzeyi-hadar-koyunun-guneyine-dusen-krom-el-kesse-ve-zahret-el-kessarat-bolgelerine-ilaveten-hamriye-tepesinde-israil","status":"publish","type":"post","link":"https:\/\/archive.sana.sy\/tr\/?p=95769","title":{"rendered":"SANA\u2019n\u0131n Kunaytra muhabiri; top\u00e7u birliklerimizin Kunaytra k\u0131rsal\u0131n\u0131n kuzeyi Hadar K\u00f6y\u00fcn\u00fcn g\u00fcneyine d\u00fc\u015fen Krom el Ke\u015f\u015fe ve Zahret el Kessarat b\u00f6lgelerine ilaveten Hamriye Tepesinde \u0130srail\u2019den destek alan ter\u00f6ristlerin toplanma yerleri ve mevkilerini yo\u011fun ate\u015fe tutuklar\u0131n\u0131 ifade etti"},"content":{"rendered":"<p>SANA\u2019n\u0131n Kunaytra muhabiri; top\u00e7u birliklerimizin Kunaytra k\u0131rsal\u0131n\u0131n kuzeyi Hadar K\u00f6y\u00fcn\u00fcn g\u00fcneyine d\u00fc\u015fen Krom el Ke\u015f\u015fe ve Zahret el Kessarat b\u00f6lgelerine ilaveten Hamriye Tepesinde \u0130srail\u2019den destek alan ter\u00f6ristlerin toplanma yerleri ve mevkilerini yo\u011fun ate\u015fe tutuklar\u0131n\u0131 ifade etti<\/p>\n","protected":false},"excerpt":{"rendered":"<p>SANA\u2019n\u0131n Kunaytra muhabiri; top\u00e7u birliklerimizin Kunaytra k\u0131rsal\u0131n\u0131n kuzeyi Hadar K\u00f6y\u00fcn\u00fcn g\u00fcneyine d\u00fc\u015fen Krom el Ke\u015f\u015fe ve Zahret el Kessarat b\u00f6lgelerine ilaveten Hamriye Tepesinde \u0130srail\u2019den destek alan ter\u00f6ristlerin toplanma yerleri ve mevkilerini yo\u011fun ate\u015fe tutuklar\u0131n\u0131 ifade etti<\/p>\n","protected":false},"author":1,"featured_media":0,"comment_status":"closed","ping_status":"closed","sticky":false,"template":"","format":"standard","meta":{"footnotes":""},"categories":[17991],"tags":[],"class_list":["post-95769","post","type-post","status-publish","format-standard","","category-son-dakika"],"_links":{"self":[{"href":"https:\/\/archive.sana.sy\/tr\/index.php?rest_route=\/wp\/v2\/posts\/95769","targetHints":{"allow":["GET"]}}],"collection":[{"href":"https:\/\/archive.sana.sy\/tr\/index.php?rest_route=\/wp\/v2\/posts"}],"about":[{"href":"https:\/\/archive.sana.sy\/tr\/index.php?rest_route=\/wp\/v2\/types\/post"}],"author":[{"embeddable":true,"href":"https:\/\/archive.sana.sy\/tr\/index.php?rest_route=\/wp\/v2\/users\/1"}],"replies":[{"embeddable":true,"href":"https:\/\/archive.sana.sy\/tr\/index.php?rest_route=%2Fwp%2Fv2%2Fcomments&post=95769"}],"version-history":[{"count":0,"href":"https:\/\/archive.sana.sy\/tr\/index.php?rest_route=\/wp\/v2\/posts\/95769\/revisions"}],"wp:attachment":[{"href":"https:\/\/archive.sana.sy\/tr\/index.php?rest_route=%2Fwp%2Fv2%2Fmedia&parent=95769"}],"wp:term":[{"taxonomy":"category","embeddable":true,"href":"https:\/\/archive.sana.sy\/tr\/index.php?rest_route=%2Fwp%2Fv2%2Fcategories&post=95769"},{"taxonomy":"post_tag","embeddable":true,"href":"https:\/\/archive.sana.sy\/tr\/index.php?rest_route=%2Fwp%2Fv2%2Ftags&post=95769"}],"curies":[{"name":"wp","href":"https:\/\/api.w.org\/{rel}","templated":true}]}}