{"id":9578,"date":"2014-09-10T11:50:29","date_gmt":"2014-09-10T08:50:29","guid":{"rendered":"http:\/\/www.sana.sy\/tr\/?p=9578"},"modified":"2014-09-10T11:50:50","modified_gmt":"2014-09-10T08:50:50","slug":"asya-kupasi-finallerinde-bir-beraberlik-daha","status":"publish","type":"post","link":"https:\/\/archive.sana.sy\/tr\/?p=9578","title":{"rendered":"Asya Kupas\u0131 Finallerinde Bir Beraberlik Daha"},"content":{"rendered":"<p>BANKOK \u2013 Tayland da d\u00fczenlenen Asya Kupas\u0131 finallerinin ikinci ma\u00e7\u0131nda 16 ya\u015f alt\u0131 ulusal milli futbol tak\u0131m\u0131m\u0131z\u0131n 4. Grupta d\u00fcn oynad\u0131\u011f\u0131 ikinci ma\u00e7\u0131nda Katar\u2019la 1-1 berabere kald\u0131.<\/p>\n<p>Tak\u0131m\u0131m\u0131z\u0131n gol\u00fcn\u00fc 22. dakikada Abdurrahman Bereket kaydederken, Katar tak\u0131m\u0131ndan Halit Munir 60. dakikada beraberlik gol\u00fcn\u00fc kaydetti.<\/p>\n<p>Millilerimizin \u00e7ok gol f\u0131rsatlar\u0131n\u0131 ka\u00e7\u0131rd\u0131\u011f\u0131 kar\u015f\u0131la\u015fmada savunmam\u0131z kar\u015f\u0131 tak\u0131m\u0131n ataklar\u0131n\u0131 bertaraf etmeyi ba\u015fard\u0131.<\/p>\n<p>Kalecimiz\u00a0Wiliam Gannam ise kar\u015f\u0131la\u015fman\u0131n son dakikas\u0131nda Katar tak\u0131m\u0131n\u0131n kazand\u0131\u011f\u0131 penalt\u0131y\u0131 kurtararak tak\u0131m\u0131m\u0131z\u0131 muhakkak bir ma\u011flubiyetten kurtard\u0131.<\/p>\n<p>B\u00f6ylece tak\u0131m\u0131m\u0131z, Asya kupas\u0131nda ikinci tura y\u00fckselme umutlar\u0131n\u0131 halen ta\u015f\u0131yor.<\/p>\n<p>Bu sonu\u00e7la millilerimiz puan\u0131n\u0131 2\u2019ye y\u00fckseltirken \u0130ran tak\u0131m\u0131n\u0131n gerisinde 2. s\u0131rada yer ald\u0131. 3. S\u0131rada Suudi Arabistan 1 puan, (\u0130ran-Suudi Arabistan 2. Kar\u015f\u0131la\u015fmalar\u0131 bug\u00fcn oynan\u0131yor) Katar ise 4. S\u0131rada ve 1 puanda.<\/p>\n<p>Millilerimiz son kar\u015f\u0131la\u015fmas\u0131n\u0131 yar\u0131n Per\u015fembe g\u00fcn\u00fc \u0130ran ile oynarken Suudi Arabistan\u2019da Katarla bir araya gelecek.<\/p>\n","protected":false},"excerpt":{"rendered":"<p>BANKOK \u2013 Tayland da d\u00fczenlenen Asya Kupas\u0131 finallerinin ikinci ma\u00e7\u0131nda 16 ya\u015f alt\u0131 ulusal milli futbol tak\u0131m\u0131m\u0131z\u0131n 4. Grupta d\u00fcn oynad\u0131\u011f\u0131 ikinci ma\u00e7\u0131nda Katar\u2019la 1-1 berabere kald\u0131. Tak\u0131m\u0131m\u0131z\u0131n gol\u00fcn\u00fc 22. dakikada Abdurrahman Bereket kaydederken, Katar tak\u0131m\u0131ndan Halit Munir 60. dakikada beraberlik gol\u00fcn\u00fc kaydetti. Millilerimizin \u00e7ok gol f\u0131rsatlar\u0131n\u0131 ka\u00e7\u0131rd\u0131\u011f\u0131 kar\u015f\u0131la\u015fmada savunmam\u0131z kar\u015f\u0131 tak\u0131m\u0131n ataklar\u0131n\u0131 bertaraf etmeyi &hellip;<\/p>\n","protected":false},"author":1,"featured_media":9580,"comment_status":"closed","ping_status":"closed","sticky":false,"template":"","format":"standard","meta":{"footnotes":""},"categories":[498,496],"tags":[],"class_list":["post-9578","post","type-post","status-publish","format-standard","has-post-thumbnail","","category-dunya-turnuvalari","category-spor"],"_links":{"self":[{"href":"https:\/\/archive.sana.sy\/tr\/index.php?rest_route=\/wp\/v2\/posts\/9578","targetHints":{"allow":["GET"]}}],"collection":[{"href":"https:\/\/archive.sana.sy\/tr\/index.php?rest_route=\/wp\/v2\/posts"}],"about":[{"href":"https:\/\/archive.sana.sy\/tr\/index.php?rest_route=\/wp\/v2\/types\/post"}],"author":[{"embeddable":true,"href":"https:\/\/archive.sana.sy\/tr\/index.php?rest_route=\/wp\/v2\/users\/1"}],"replies":[{"embeddable":true,"href":"https:\/\/archive.sana.sy\/tr\/index.php?rest_route=%2Fwp%2Fv2%2Fcomments&post=9578"}],"version-history":[{"count":0,"href":"https:\/\/archive.sana.sy\/tr\/index.php?rest_route=\/wp\/v2\/posts\/9578\/revisions"}],"wp:featuredmedia":[{"embeddable":true,"href":"https:\/\/archive.sana.sy\/tr\/index.php?rest_route=\/wp\/v2\/media\/9580"}],"wp:attachment":[{"href":"https:\/\/archive.sana.sy\/tr\/index.php?rest_route=%2Fwp%2Fv2%2Fmedia&parent=9578"}],"wp:term":[{"taxonomy":"category","embeddable":true,"href":"https:\/\/archive.sana.sy\/tr\/index.php?rest_route=%2Fwp%2Fv2%2Fcategories&post=9578"},{"taxonomy":"post_tag","embeddable":true,"href":"https:\/\/archive.sana.sy\/tr\/index.php?rest_route=%2Fwp%2Fv2%2Ftags&post=9578"}],"curies":[{"name":"wp","href":"https:\/\/api.w.org\/{rel}","templated":true}]}}