{"id":9582,"date":"2014-09-10T13:02:04","date_gmt":"2014-09-10T10:02:04","guid":{"rendered":"http:\/\/www.sana.sy\/tr\/?p=9582"},"modified":"2014-09-10T13:02:04","modified_gmt":"2014-09-10T10:02:04","slug":"harasta-banliyosune-teror-saldirilari-maddi-hasarlara-yol-acti","status":"publish","type":"post","link":"https:\/\/archive.sana.sy\/tr\/?p=9582","title":{"rendered":"Harasta Banliy\u00f6s\u00fcne Ter\u00f6r Sald\u0131r\u0131lar\u0131 Maddi Hasarlara Yol A\u00e7t\u0131"},"content":{"rendered":"<p>\u015eAM KIRSALI \u2013 Ter\u00f6ristlerin Harasta Banliy\u00f6s\u00fcne f\u0131rlatt\u0131klar\u0131 havan mermileri neticesinde baz\u0131 ev, ticari mahal ve ara\u00e7larda maddi zararlara yol a\u00e7t\u0131, ter\u00f6r sald\u0131r\u0131lar\u0131nda can kayb\u0131 olmad\u0131.<\/p>\n<p>Emniyet M\u00fcd\u00fcrl\u00fc\u011f\u00fc Kayna\u011f\u0131 SANA muhabirine a\u00e7\u0131klamas\u0131nda, ter\u00f6ristlerin f\u0131rlatt\u0131\u011f\u0131 havan mermilerinin 6 adet oldu\u011funu, F\u0131r\u0131n, Alali Center,5 C Adas\u0131 Burciyat Binas\u0131 ve Banliy\u00f6 Bulvar\u0131 \u00e7evresine d\u00fc\u015ft\u00fc\u011f\u00fcn\u00fc baz\u0131 ev, ticari mahal ve ara\u00e7larda da maddi hasarlara yol a\u00e7t\u0131\u011f\u0131n\u0131 ifade etti.<\/p>\n<p>D\u00fcn de ter\u00f6rist gruplar\u0131n tekrarlana gelen sald\u0131r\u0131lar\u0131 \u00e7er\u00e7evesinde, 5 C Adas\u0131 ve Banliy\u00f6 Bulvar\u0131na 3 havan mermisi d\u00fc\u015fm\u00fc\u015f vatanda\u015flar\u0131n ev ve m\u00fclklerinde maddi hasarlara yol a\u00e7m\u0131\u015ft\u0131.<\/p>\n","protected":false},"excerpt":{"rendered":"<p>\u015eAM KIRSALI \u2013 Ter\u00f6ristlerin Harasta Banliy\u00f6s\u00fcne f\u0131rlatt\u0131klar\u0131 havan mermileri neticesinde baz\u0131 ev, ticari mahal ve ara\u00e7larda maddi zararlara yol a\u00e7t\u0131, ter\u00f6r sald\u0131r\u0131lar\u0131nda can kayb\u0131 olmad\u0131. Emniyet M\u00fcd\u00fcrl\u00fc\u011f\u00fc Kayna\u011f\u0131 SANA muhabirine a\u00e7\u0131klamas\u0131nda, ter\u00f6ristlerin f\u0131rlatt\u0131\u011f\u0131 havan mermilerinin 6 adet oldu\u011funu, F\u0131r\u0131n, Alali Center,5 C Adas\u0131 Burciyat Binas\u0131 ve Banliy\u00f6 Bulvar\u0131 \u00e7evresine d\u00fc\u015ft\u00fc\u011f\u00fcn\u00fc baz\u0131 ev, ticari mahal ve &hellip;<\/p>\n","protected":false},"author":1,"featured_media":8870,"comment_status":"closed","ping_status":"closed","sticky":false,"template":"","format":"standard","meta":{"footnotes":""},"categories":[479,575,478],"tags":[],"class_list":["post-9582","post","type-post","status-publish","format-standard","has-post-thumbnail","","category-haberler-yerel","category-olaylar-ve-gercekler","category-yerel"],"_links":{"self":[{"href":"https:\/\/archive.sana.sy\/tr\/index.php?rest_route=\/wp\/v2\/posts\/9582","targetHints":{"allow":["GET"]}}],"collection":[{"href":"https:\/\/archive.sana.sy\/tr\/index.php?rest_route=\/wp\/v2\/posts"}],"about":[{"href":"https:\/\/archive.sana.sy\/tr\/index.php?rest_route=\/wp\/v2\/types\/post"}],"author":[{"embeddable":true,"href":"https:\/\/archive.sana.sy\/tr\/index.php?rest_route=\/wp\/v2\/users\/1"}],"replies":[{"embeddable":true,"href":"https:\/\/archive.sana.sy\/tr\/index.php?rest_route=%2Fwp%2Fv2%2Fcomments&post=9582"}],"version-history":[{"count":0,"href":"https:\/\/archive.sana.sy\/tr\/index.php?rest_route=\/wp\/v2\/posts\/9582\/revisions"}],"wp:featuredmedia":[{"embeddable":true,"href":"https:\/\/archive.sana.sy\/tr\/index.php?rest_route=\/wp\/v2\/media\/8870"}],"wp:attachment":[{"href":"https:\/\/archive.sana.sy\/tr\/index.php?rest_route=%2Fwp%2Fv2%2Fmedia&parent=9582"}],"wp:term":[{"taxonomy":"category","embeddable":true,"href":"https:\/\/archive.sana.sy\/tr\/index.php?rest_route=%2Fwp%2Fv2%2Fcategories&post=9582"},{"taxonomy":"post_tag","embeddable":true,"href":"https:\/\/archive.sana.sy\/tr\/index.php?rest_route=%2Fwp%2Fv2%2Ftags&post=9582"}],"curies":[{"name":"wp","href":"https:\/\/api.w.org\/{rel}","templated":true}]}}