{"id":95840,"date":"2016-11-23T20:00:07","date_gmt":"2016-11-23T18:00:07","guid":{"rendered":"http:\/\/www.sana.sy\/tr\/?p=95840"},"modified":"2016-11-24T15:56:26","modified_gmt":"2016-11-24T13:56:26","slug":"ordu-birliklerimiz-kontrolleri-altindaki-bolgeleri-genisletiyor-10","status":"publish","type":"post","link":"https:\/\/archive.sana.sy\/tr\/?p=95840","title":{"rendered":"Ordu Birliklerimiz Kontrolleri Alt\u0131ndaki B\u00f6lgeleri Geni\u015fletiyor (video)"},"content":{"rendered":"<p>\u0130LLER \u2013 Erdo\u011fan ve Al Suud Suud rejimlerine ilaveten siyonist \u0130srail ve daha ba\u015fka devletlerin destekledikleri ter\u00f6re kar\u015f\u0131 ba\u015far\u0131lar\u0131n\u0131 s\u00fcrd\u00fcren ordu birliklerimiz bug\u00fcn az\u0131l\u0131 ter\u00f6ristleri b\u00fcy\u00fck kay\u0131plara u\u011fratmalar\u0131 ard\u0131ndan kontrolleri alt\u0131ndaki b\u00f6lgeleri geni\u015fletmeye devam etti.<\/p>\n<p><span style=\"color: #0000ff\">KUNAYTRA:<\/span><\/p>\n<p>Askeri kaynak ordu birlilerimizin Kunaytra k\u0131rsal\u0131nda Siyonist \u0130srail\u2019den direk ve dolayl\u0131 destek alan Nusra Cephesi ve m\u00fcttefikleri ter\u00f6r \u00f6rg\u00fctlere kar\u015f\u0131 operasyonlar\u0131 kapsam\u0131nda il k\u0131rsal\u0131n\u0131n kuzeyi Bat\u0131 Nekkar Tepesini kontrollerine ald\u0131klar\u0131n\u0131 belirtti.<\/p>\n<p>Halk G\u00fc\u00e7leriyle i\u015fbirli\u011fi i\u00e7inde ger\u00e7ekle\u015fen nitelikli operasyonda aralar\u0131nda saha komutanlar\u0131n\u0131n bulundu\u011fu y\u00fcksek say\u0131da ter\u00f6ristin a\u011f\u0131r silahlar\u0131 ve ara\u00e7lar\u0131yla etkisiz hale getirildiklerine dikkat \u00e7eken kaynak, ordu birliklerimizin Emel Mezralar\u0131 ile Hadar Beldesi aras\u0131ndaki yolun g\u00fcvenli\u011fini de temin ettiklerini aktard\u0131.<\/p>\n<p>Kaynak tepeyi kontrole ge\u00e7irmenin radikal ter\u00f6ristlerin Hadar \u2013 Emel mezralar\u0131 yoluna s\u0131zmalar\u0131n\u0131 engelleme ve bu \u00e7etelerin bulundu\u011fu bir\u00e7ok b\u00f6lgeye bakmas\u0131 a\u00e7\u0131s\u0131ndan stratejik bir \u00f6nem ta\u015f\u0131d\u0131\u011f\u0131na dikkat \u00e7ekti.<\/p>\n<p>https:\/\/www.youtube.com\/watch?v=210KL47CjtU<\/p>\n<p><span style=\"color: #0000ff\">DEYREZZOR:<\/span><\/p>\n<p>Bu arada askeri kaynak ordu birliklerimizin Deyrezzor Kentinin R\u00fc\u015fdiye ve Sanayi semtlerine ilaveten il k\u0131rsal\u0131n\u0131n Cafra Beldesinde I\u015e\u0130D\u2019in mevki ve hareketlenmelerini nitelikli operasyonlarla yo\u011fun ate\u015fe tuttuklar\u0131n\u0131 kaydetti. Kaynak operasyonlarda aralar\u0131nda az\u0131l\u0131 isimlerin bulundu\u011fu en az 20 ter\u00f6ristin a\u011f\u0131r silahlar\u0131 ve ara\u00e7lar\u0131yla birlikte etkisiz hale getirildiklerini s\u00f6yledi.<\/p>\n<p>Deyrezzor Askeri Havaliman\u0131ndaki birliklerimizin havaalan\u0131n\u0131n do\u011fu duvar\u0131nda I\u015e\u0130D \u00e7eteleri ile \u00e7at\u0131\u015fmalara girdiklerini belirten kaynak, \u00e7at\u0131\u015fmalarda en az 10 ter\u00f6ristin \u00f6ld\u00fcr\u00fcld\u00fc\u011f\u00fcn\u00fc, bir\u00e7ok ter\u00f6ristin de yaraland\u0131\u011f\u0131n\u0131 aktard\u0131.<\/p>\n<p>Kaynak Deyrezzor Kentinin yakla\u015f\u0131k 7 km g\u00fcneydo\u011fusuna d\u00fc\u015fen Cafra B\u00f6lgesinde ger\u00e7ekle\u015ftirilen operasyonlarda ise I\u015e\u0130D\u2019li kalabal\u0131k radikal ter\u00f6ristlerden olu\u015fan bir ter\u00f6r grubunun b\u00fcy\u00fck \u00e7o\u011funlu\u011funu a\u011f\u0131r silahlarla donat\u0131lm\u0131\u015f 3 ara\u00e7lar\u0131yla birlikte etkisiz hale getirdiklerini s\u00f6yledi.<\/p>\n<p><span style=\"color: #0000ff\">HAMA:<\/span><\/p>\n<p>Hama k\u0131rsal\u0131nda ise askeri kaynak; ordu birliklerimizin \u0130hvanc\u0131 Erdo\u011fan ve Vahhabi Al Suud rejimlerine hizmet eden ve saflar\u0131nda y\u00fczlerce az\u0131l\u0131 yabanc\u0131 ter\u00f6risti bar\u0131nd\u0131ran \u2018Cey\u015ful Fetih\u2019 (Fetih Ordusu) adl\u0131 \u00e7etelere y\u00f6nelik operasyonlar\u0131nda il k\u0131rsal\u0131n\u0131n kuzeyinde bu \u00e7etelerin Morik, Buvayda\u2019n\u0131n do\u011fusu, Skiyk, At\u015fan ve Hveyyir Vadisinde karargah, toplanma yerleri ve hareketlenmelerini yo\u011fun ate\u015fe tuttuklar\u0131n\u0131 aktard\u0131.<\/p>\n<p>Operasyonlarda aralar\u0131nda yabanc\u0131 ve saha komutanlar\u0131n\u0131n bulundu\u011fu 50\u2019den fazla ter\u00f6ristin \u00f6ld\u00fcr\u00fcld\u00fc\u011f\u00fcn\u00fc belirten kaynak; \u00f6nemli bir komuta karargahlar\u0131, b\u00fcy\u00fck bir cephane depolar\u0131, bir havan rampalar\u0131 ve bir k\u0131sm\u0131 a\u011f\u0131r silahlarla donat\u0131lm\u0131\u015f 6 ara\u00e7lar\u0131n\u0131 imha ettiklerini vurgulad\u0131.<\/p>\n<p><span style=\"color: #0000ff\">DERA:<\/span><\/p>\n<p>Di\u011fer yandan askeri kaynak ordu birliklerimizin Dera k\u0131rsal\u0131nda Siyonist \u0130srail\u2019den direk ve dolayl\u0131 destek alan Nusra Cephesi ve m\u00fcttefikleri di\u011fer ter\u00f6r \u00e7etelere y\u00f6nelik operasyonlar\u0131nda il k\u0131rsal\u0131n\u0131n bat\u0131s\u0131 Tafas \u2013 Yaduda yolu \u00fczerinde sabotaj eylemlerinde bulunan radikal bir ter\u00f6r grubunun t\u00fcm \u00fcyelerini ekipmanlar\u0131yla birlikte etkisiz hale getirdiklerini s\u00f6yledi.<\/p>\n<p>Dera Kentinin 4 km bat\u0131s\u0131nda yer alan Etman beldesi yak\u0131nlar\u0131nda radikal ter\u00f6ristlerin mevkilerini nitelikli bir operasyonla top ate\u015fine tuttuklar\u0131n\u0131 aktaran kaynak, burada da \u00e7ok say\u0131da ter\u00f6ristin \u00f6l\u00fc yaral\u0131 d\u00fc\u015f\u00fcr\u00fcld\u00fc\u011f\u00fcn\u00fc kaydetti.<\/p>\n<p>Kaynak Dera Beled B\u00f6lgesinin muhtelif yerlerinde Nusra Cephesinin mevki ve karargahlar\u0131n\u0131n top ate\u015fine tutuldu\u011funu ifade ederken, bir g\u00f6zetleme merkezi ve bir\u00e7ok ara\u00e7lar\u0131n\u0131n ekipleriyle birlikte imha edildi\u011fini aktard\u0131.<\/p>\n","protected":false},"excerpt":{"rendered":"<p>\u0130LLER \u2013 Erdo\u011fan ve Al Suud Suud rejimlerine ilaveten siyonist \u0130srail ve daha ba\u015fka devletlerin destekledikleri ter\u00f6re kar\u015f\u0131 ba\u015far\u0131lar\u0131n\u0131 s\u00fcrd\u00fcren ordu birliklerimiz bug\u00fcn az\u0131l\u0131 ter\u00f6ristleri b\u00fcy\u00fck kay\u0131plara u\u011fratmalar\u0131 ard\u0131ndan kontrolleri alt\u0131ndaki b\u00f6lgeleri geni\u015fletmeye devam etti. KUNAYTRA: Askeri kaynak ordu birlilerimizin Kunaytra k\u0131rsal\u0131nda Siyonist \u0130srail\u2019den direk ve dolayl\u0131 destek alan Nusra Cephesi ve m\u00fcttefikleri ter\u00f6r \u00f6rg\u00fctlere &hellip;<\/p>\n","protected":false},"author":1,"featured_media":95854,"comment_status":"closed","ping_status":"closed","sticky":false,"template":"","format":"standard","meta":{"footnotes":""},"categories":[575,17988],"tags":[3464,18365,23799,21046,18237,15787,5614,2985,25217,18347,20427,18674,10744,24460,11549,19043,22182],"class_list":["post-95840","post","type-post","status-publish","format-standard","has-post-thumbnail","","category-olaylar-ve-gercekler","category-son-haberler","tag-nusra-cephesi","tag-ahrar-el-sam","tag-ceysul-fetih","tag-ceysul-islam","tag-cihatcilar","tag-fetih-ordusu","tag-israil","tag-kunaytra-kirsali","tag-nurettin-zenki","tag-oso","tag-ozgur-ordu","tag-silahli-muhalifler","tag-siyonist","tag-surieyli-muhalifler","tag-suriye-ordusu","tag-suriyede-son-durum","tag-suriyede-savas"],"_links":{"self":[{"href":"https:\/\/archive.sana.sy\/tr\/index.php?rest_route=\/wp\/v2\/posts\/95840","targetHints":{"allow":["GET"]}}],"collection":[{"href":"https:\/\/archive.sana.sy\/tr\/index.php?rest_route=\/wp\/v2\/posts"}],"about":[{"href":"https:\/\/archive.sana.sy\/tr\/index.php?rest_route=\/wp\/v2\/types\/post"}],"author":[{"embeddable":true,"href":"https:\/\/archive.sana.sy\/tr\/index.php?rest_route=\/wp\/v2\/users\/1"}],"replies":[{"embeddable":true,"href":"https:\/\/archive.sana.sy\/tr\/index.php?rest_route=%2Fwp%2Fv2%2Fcomments&post=95840"}],"version-history":[{"count":0,"href":"https:\/\/archive.sana.sy\/tr\/index.php?rest_route=\/wp\/v2\/posts\/95840\/revisions"}],"wp:featuredmedia":[{"embeddable":true,"href":"https:\/\/archive.sana.sy\/tr\/index.php?rest_route=\/wp\/v2\/media\/95854"}],"wp:attachment":[{"href":"https:\/\/archive.sana.sy\/tr\/index.php?rest_route=%2Fwp%2Fv2%2Fmedia&parent=95840"}],"wp:term":[{"taxonomy":"category","embeddable":true,"href":"https:\/\/archive.sana.sy\/tr\/index.php?rest_route=%2Fwp%2Fv2%2Fcategories&post=95840"},{"taxonomy":"post_tag","embeddable":true,"href":"https:\/\/archive.sana.sy\/tr\/index.php?rest_route=%2Fwp%2Fv2%2Ftags&post=95840"}],"curies":[{"name":"wp","href":"https:\/\/api.w.org\/{rel}","templated":true}]}}