{"id":95853,"date":"2016-11-23T08:35:53","date_gmt":"2016-11-23T06:35:53","guid":{"rendered":"http:\/\/www.sana.sy\/tr\/?p=95853"},"modified":"2016-11-23T14:13:03","modified_gmt":"2016-11-23T12:13:03","slug":"askeri-kaynak-ordu-birlilerimizin-kunaytra-kirsalinda-siyonist-israilden-direk-ve-dolayli-destek-alan-nusra-cephesi-ve-muttefikleri-teror-orgutlere-karsi-operasyonlari-kapsaminda-il-kirsalini","status":"publish","type":"post","link":"https:\/\/archive.sana.sy\/tr\/?p=95853","title":{"rendered":"Askeri kaynak ordu birlilerimizin Kunaytra k\u0131rsal\u0131nda Siyonist \u0130srail\u2019den direk ve dolayl\u0131 destek alan Nusra Cephesi ve m\u00fcttefikleri ter\u00f6r \u00f6rg\u00fctlere kar\u015f\u0131 operasyonlar\u0131 kapsam\u0131nda il k\u0131rsal\u0131n\u0131n kuzeyi Bat\u0131 Nekkar Tepesini kontrollerine ald\u0131klar\u0131n\u0131 belirtti"},"content":{"rendered":"<p>Askeri kaynak ordu birlilerimizin Kunaytra k\u0131rsal\u0131nda Siyonist \u0130srail\u2019den direk ve dolayl\u0131 destek alan Nusra Cephesi ve m\u00fcttefikleri ter\u00f6r \u00f6rg\u00fctlere kar\u015f\u0131 operasyonlar\u0131 kapsam\u0131nda il k\u0131rsal\u0131n\u0131n kuzeyi Bat\u0131 Nekkar Tepesini kontrollerine ald\u0131klar\u0131n\u0131 belirtti<\/p>\n","protected":false},"excerpt":{"rendered":"<p>Askeri kaynak ordu birlilerimizin Kunaytra k\u0131rsal\u0131nda Siyonist \u0130srail\u2019den direk ve dolayl\u0131 destek alan Nusra Cephesi ve m\u00fcttefikleri ter\u00f6r \u00f6rg\u00fctlere kar\u015f\u0131 operasyonlar\u0131 kapsam\u0131nda il k\u0131rsal\u0131n\u0131n kuzeyi Bat\u0131 Nekkar Tepesini kontrollerine ald\u0131klar\u0131n\u0131 belirtti<\/p>\n","protected":false},"author":1,"featured_media":0,"comment_status":"closed","ping_status":"closed","sticky":false,"template":"","format":"standard","meta":{"footnotes":""},"categories":[17991],"tags":[],"class_list":["post-95853","post","type-post","status-publish","format-standard","","category-son-dakika"],"_links":{"self":[{"href":"https:\/\/archive.sana.sy\/tr\/index.php?rest_route=\/wp\/v2\/posts\/95853","targetHints":{"allow":["GET"]}}],"collection":[{"href":"https:\/\/archive.sana.sy\/tr\/index.php?rest_route=\/wp\/v2\/posts"}],"about":[{"href":"https:\/\/archive.sana.sy\/tr\/index.php?rest_route=\/wp\/v2\/types\/post"}],"author":[{"embeddable":true,"href":"https:\/\/archive.sana.sy\/tr\/index.php?rest_route=\/wp\/v2\/users\/1"}],"replies":[{"embeddable":true,"href":"https:\/\/archive.sana.sy\/tr\/index.php?rest_route=%2Fwp%2Fv2%2Fcomments&post=95853"}],"version-history":[{"count":0,"href":"https:\/\/archive.sana.sy\/tr\/index.php?rest_route=\/wp\/v2\/posts\/95853\/revisions"}],"wp:attachment":[{"href":"https:\/\/archive.sana.sy\/tr\/index.php?rest_route=%2Fwp%2Fv2%2Fmedia&parent=95853"}],"wp:term":[{"taxonomy":"category","embeddable":true,"href":"https:\/\/archive.sana.sy\/tr\/index.php?rest_route=%2Fwp%2Fv2%2Fcategories&post=95853"},{"taxonomy":"post_tag","embeddable":true,"href":"https:\/\/archive.sana.sy\/tr\/index.php?rest_route=%2Fwp%2Fv2%2Ftags&post=95853"}],"curies":[{"name":"wp","href":"https:\/\/api.w.org\/{rel}","templated":true}]}}