{"id":95857,"date":"2016-11-23T08:38:07","date_gmt":"2016-11-23T06:38:07","guid":{"rendered":"http:\/\/www.sana.sy\/tr\/?p=95857"},"modified":"2016-11-23T14:13:29","modified_gmt":"2016-11-23T12:13:29","slug":"halk-gucleriyle-isbirligi-icinde-gerceklesen-nitelikli-operasyonda-aralarinda-saha-komutanlarinin-bulundugu-yuksek-sayida-teroristin-agir-silahlari-ve-araclariyla-etkisiz-hale-getirildiklerine-dikkat","status":"publish","type":"post","link":"https:\/\/archive.sana.sy\/tr\/?p=95857","title":{"rendered":"Halk G\u00fc\u00e7leriyle i\u015fbirli\u011fi i\u00e7inde ger\u00e7ekle\u015fen nitelikli operasyonda aralar\u0131nda saha komutanlar\u0131n\u0131n bulundu\u011fu y\u00fcksek say\u0131da ter\u00f6ristin a\u011f\u0131r silahlar\u0131 ve ara\u00e7lar\u0131yla etkisiz hale getirildiklerine dikkat \u00e7eken kaynak, ordu birliklerimizin Emel Mezralar\u0131 ile Hadar Beldesi aras\u0131ndaki yolun g\u00fcvenli\u011fini de temin ettiklerini aktard\u0131"},"content":{"rendered":"<p>Halk G\u00fc\u00e7leriyle i\u015fbirli\u011fi i\u00e7inde ger\u00e7ekle\u015fen nitelikli operasyonda aralar\u0131nda saha komutanlar\u0131n\u0131n bulundu\u011fu y\u00fcksek say\u0131da ter\u00f6ristin a\u011f\u0131r silahlar\u0131 ve ara\u00e7lar\u0131yla etkisiz hale getirildiklerine dikkat \u00e7eken kaynak, ordu birliklerimizin Emel Mezralar\u0131 ile Hadar Beldesi aras\u0131ndaki yolun g\u00fcvenli\u011fini de temin ettiklerini aktard\u0131<\/p>\n","protected":false},"excerpt":{"rendered":"<p>Halk G\u00fc\u00e7leriyle i\u015fbirli\u011fi i\u00e7inde ger\u00e7ekle\u015fen nitelikli operasyonda aralar\u0131nda saha komutanlar\u0131n\u0131n bulundu\u011fu y\u00fcksek say\u0131da ter\u00f6ristin a\u011f\u0131r silahlar\u0131 ve ara\u00e7lar\u0131yla etkisiz hale getirildiklerine dikkat \u00e7eken kaynak, ordu birliklerimizin Emel Mezralar\u0131 ile Hadar Beldesi aras\u0131ndaki yolun g\u00fcvenli\u011fini de temin ettiklerini aktard\u0131<\/p>\n","protected":false},"author":1,"featured_media":0,"comment_status":"closed","ping_status":"closed","sticky":false,"template":"","format":"standard","meta":{"footnotes":""},"categories":[17991],"tags":[],"class_list":["post-95857","post","type-post","status-publish","format-standard","","category-son-dakika"],"_links":{"self":[{"href":"https:\/\/archive.sana.sy\/tr\/index.php?rest_route=\/wp\/v2\/posts\/95857","targetHints":{"allow":["GET"]}}],"collection":[{"href":"https:\/\/archive.sana.sy\/tr\/index.php?rest_route=\/wp\/v2\/posts"}],"about":[{"href":"https:\/\/archive.sana.sy\/tr\/index.php?rest_route=\/wp\/v2\/types\/post"}],"author":[{"embeddable":true,"href":"https:\/\/archive.sana.sy\/tr\/index.php?rest_route=\/wp\/v2\/users\/1"}],"replies":[{"embeddable":true,"href":"https:\/\/archive.sana.sy\/tr\/index.php?rest_route=%2Fwp%2Fv2%2Fcomments&post=95857"}],"version-history":[{"count":0,"href":"https:\/\/archive.sana.sy\/tr\/index.php?rest_route=\/wp\/v2\/posts\/95857\/revisions"}],"wp:attachment":[{"href":"https:\/\/archive.sana.sy\/tr\/index.php?rest_route=%2Fwp%2Fv2%2Fmedia&parent=95857"}],"wp:term":[{"taxonomy":"category","embeddable":true,"href":"https:\/\/archive.sana.sy\/tr\/index.php?rest_route=%2Fwp%2Fv2%2Fcategories&post=95857"},{"taxonomy":"post_tag","embeddable":true,"href":"https:\/\/archive.sana.sy\/tr\/index.php?rest_route=%2Fwp%2Fv2%2Ftags&post=95857"}],"curies":[{"name":"wp","href":"https:\/\/api.w.org\/{rel}","templated":true}]}}