{"id":95876,"date":"2016-11-23T12:05:05","date_gmt":"2016-11-23T10:05:05","guid":{"rendered":"http:\/\/www.sana.sy\/tr\/?p=95876"},"modified":"2016-11-23T14:36:41","modified_gmt":"2016-11-23T12:36:41","slug":"askeri-kaynak-ordu-birliklerimizin-dera-kirsalinda-siyonist-israilden-direk-ve-dolayli-destek-alan-nusra-cephesi-ve-muttefikleri-diger-teror-cetelere-yonelik-operasyonlarinda-il-kirsalinin-ba","status":"publish","type":"post","link":"https:\/\/archive.sana.sy\/tr\/?p=95876","title":{"rendered":"Askeri kaynak ordu birliklerimizin Dera k\u0131rsal\u0131nda Siyonist \u0130srail\u2019den direk ve dolayl\u0131 destek alan Nusra Cephesi ve m\u00fcttefikleri di\u011fer ter\u00f6r \u00e7etelere y\u00f6nelik operasyonlar\u0131nda il k\u0131rsal\u0131n\u0131n bat\u0131s\u0131 Tafas \u2013 Yaduda yolu \u00fczerinde sabotaj eylemlerinde bulunan radikal bir ter\u00f6r grubunun t\u00fcm \u00fcyelerini ekipmanlar\u0131yla birlikte etkisiz hale getirdiklerini s\u00f6yledi"},"content":{"rendered":"<p>Askeri kaynak ordu birliklerimizin Dera k\u0131rsal\u0131nda Siyonist \u0130srail\u2019den direk ve dolayl\u0131 destek alan Nusra Cephesi ve m\u00fcttefikleri di\u011fer ter\u00f6r \u00e7etelere y\u00f6nelik operasyonlar\u0131nda il k\u0131rsal\u0131n\u0131n bat\u0131s\u0131 Tafas \u2013 Yaduda yolu \u00fczerinde sabotaj eylemlerinde bulunan radikal bir ter\u00f6r grubunun t\u00fcm \u00fcyelerini ekipmanlar\u0131yla birlikte etkisiz hale getirdiklerini s\u00f6yledi<\/p>\n","protected":false},"excerpt":{"rendered":"<p>Askeri kaynak ordu birliklerimizin Dera k\u0131rsal\u0131nda Siyonist \u0130srail\u2019den direk ve dolayl\u0131 destek alan Nusra Cephesi ve m\u00fcttefikleri di\u011fer ter\u00f6r \u00e7etelere y\u00f6nelik operasyonlar\u0131nda il k\u0131rsal\u0131n\u0131n bat\u0131s\u0131 Tafas \u2013 Yaduda yolu \u00fczerinde sabotaj eylemlerinde bulunan radikal bir ter\u00f6r grubunun t\u00fcm \u00fcyelerini ekipmanlar\u0131yla birlikte etkisiz hale getirdiklerini s\u00f6yledi<\/p>\n","protected":false},"author":1,"featured_media":0,"comment_status":"closed","ping_status":"closed","sticky":false,"template":"","format":"standard","meta":{"footnotes":""},"categories":[17991],"tags":[],"class_list":["post-95876","post","type-post","status-publish","format-standard","","category-son-dakika"],"_links":{"self":[{"href":"https:\/\/archive.sana.sy\/tr\/index.php?rest_route=\/wp\/v2\/posts\/95876","targetHints":{"allow":["GET"]}}],"collection":[{"href":"https:\/\/archive.sana.sy\/tr\/index.php?rest_route=\/wp\/v2\/posts"}],"about":[{"href":"https:\/\/archive.sana.sy\/tr\/index.php?rest_route=\/wp\/v2\/types\/post"}],"author":[{"embeddable":true,"href":"https:\/\/archive.sana.sy\/tr\/index.php?rest_route=\/wp\/v2\/users\/1"}],"replies":[{"embeddable":true,"href":"https:\/\/archive.sana.sy\/tr\/index.php?rest_route=%2Fwp%2Fv2%2Fcomments&post=95876"}],"version-history":[{"count":0,"href":"https:\/\/archive.sana.sy\/tr\/index.php?rest_route=\/wp\/v2\/posts\/95876\/revisions"}],"wp:attachment":[{"href":"https:\/\/archive.sana.sy\/tr\/index.php?rest_route=%2Fwp%2Fv2%2Fmedia&parent=95876"}],"wp:term":[{"taxonomy":"category","embeddable":true,"href":"https:\/\/archive.sana.sy\/tr\/index.php?rest_route=%2Fwp%2Fv2%2Fcategories&post=95876"},{"taxonomy":"post_tag","embeddable":true,"href":"https:\/\/archive.sana.sy\/tr\/index.php?rest_route=%2Fwp%2Fv2%2Ftags&post=95876"}],"curies":[{"name":"wp","href":"https:\/\/api.w.org\/{rel}","templated":true}]}}