{"id":95879,"date":"2016-11-23T12:13:51","date_gmt":"2016-11-23T10:13:51","guid":{"rendered":"http:\/\/www.sana.sy\/tr\/?p=95879"},"modified":"2016-11-23T14:37:27","modified_gmt":"2016-11-23T12:37:27","slug":"kaynak-dera-beled-bolgesinin-muhtelif-yerlerinde-nusra-cephesinin-mevki-ve-karargahlarinin-top-atesine-tutuldugunu-ifade-ederken-bir-gozetleme-merkezi-ve-bircok-araclarinin-ekipleriyle-birlikte-imha","status":"publish","type":"post","link":"https:\/\/archive.sana.sy\/tr\/?p=95879","title":{"rendered":"Kaynak Dera Beled B\u00f6lgesinin muhtelif yerlerinde Nusra Cephesinin mevki ve karargahlar\u0131n\u0131n top ate\u015fine tutuldu\u011funu ifade ederken, bir g\u00f6zetleme merkezi ve bir\u00e7ok ara\u00e7lar\u0131n\u0131n ekipleriyle birlikte imha edildi\u011fini aktard\u0131"},"content":{"rendered":"<p>Kaynak Dera Beled B\u00f6lgesinin muhtelif yerlerinde Nusra Cephesinin mevki ve karargahlar\u0131n\u0131n top ate\u015fine tutuldu\u011funu ifade ederken, bir g\u00f6zetleme merkezi ve bir\u00e7ok ara\u00e7lar\u0131n\u0131n ekipleriyle birlikte imha edildi\u011fini aktard\u0131<\/p>\n","protected":false},"excerpt":{"rendered":"<p>Kaynak Dera Beled B\u00f6lgesinin muhtelif yerlerinde Nusra Cephesinin mevki ve karargahlar\u0131n\u0131n top ate\u015fine tutuldu\u011funu ifade ederken, bir g\u00f6zetleme merkezi ve bir\u00e7ok ara\u00e7lar\u0131n\u0131n ekipleriyle birlikte imha edildi\u011fini aktard\u0131<\/p>\n","protected":false},"author":1,"featured_media":0,"comment_status":"closed","ping_status":"closed","sticky":false,"template":"","format":"standard","meta":{"footnotes":""},"categories":[17991],"tags":[],"class_list":["post-95879","post","type-post","status-publish","format-standard","","category-son-dakika"],"_links":{"self":[{"href":"https:\/\/archive.sana.sy\/tr\/index.php?rest_route=\/wp\/v2\/posts\/95879","targetHints":{"allow":["GET"]}}],"collection":[{"href":"https:\/\/archive.sana.sy\/tr\/index.php?rest_route=\/wp\/v2\/posts"}],"about":[{"href":"https:\/\/archive.sana.sy\/tr\/index.php?rest_route=\/wp\/v2\/types\/post"}],"author":[{"embeddable":true,"href":"https:\/\/archive.sana.sy\/tr\/index.php?rest_route=\/wp\/v2\/users\/1"}],"replies":[{"embeddable":true,"href":"https:\/\/archive.sana.sy\/tr\/index.php?rest_route=%2Fwp%2Fv2%2Fcomments&post=95879"}],"version-history":[{"count":0,"href":"https:\/\/archive.sana.sy\/tr\/index.php?rest_route=\/wp\/v2\/posts\/95879\/revisions"}],"wp:attachment":[{"href":"https:\/\/archive.sana.sy\/tr\/index.php?rest_route=%2Fwp%2Fv2%2Fmedia&parent=95879"}],"wp:term":[{"taxonomy":"category","embeddable":true,"href":"https:\/\/archive.sana.sy\/tr\/index.php?rest_route=%2Fwp%2Fv2%2Fcategories&post=95879"},{"taxonomy":"post_tag","embeddable":true,"href":"https:\/\/archive.sana.sy\/tr\/index.php?rest_route=%2Fwp%2Fv2%2Ftags&post=95879"}],"curies":[{"name":"wp","href":"https:\/\/api.w.org\/{rel}","templated":true}]}}