{"id":95920,"date":"2016-11-23T16:44:28","date_gmt":"2016-11-23T14:44:28","guid":{"rendered":"http:\/\/www.sana.sy\/tr\/?p=95920"},"modified":"2016-11-25T15:47:39","modified_gmt":"2016-11-25T13:47:39","slug":"yeminli-tercuman-meslegi-kanunu-duzeltildi","status":"publish","type":"post","link":"https:\/\/archive.sana.sy\/tr\/?p=95920","title":{"rendered":"Yeminli Terc\u00fcman Mesle\u011fi Kanunu D\u00fczeltildi"},"content":{"rendered":"<p>\u015eAM \u2013 Cumhurba\u015fkan\u0131 Be\u015f\u015far el Esad bug\u00fcn, yeminli terc\u00fcman mesle\u011fine ili\u015fkin 2014\/22 say\u0131l\u0131 kanunun 2. Maddesinin d\u00fczeltilmesini \u00f6ng\u00f6ren 2016\/22 say\u0131l\u0131 kanunnameyi onaylad\u0131.<\/p>\n<p>Halk Meclisinin 17-11-2016 tarihli oturumunda tart\u0131\u015f\u0131p karara ba\u011flamas\u0131 ard\u0131ndan cumhurba\u015fkanl\u0131\u011f\u0131 onay\u0131 i\u00e7in el Esad\u2019a sevk etti\u011fi kanunnamede bakan onay\u0131 ve bakanl\u0131k ka\u015fesinin bas\u0131l\u0131 resmi belgesi olmaks\u0131z\u0131n herhangi bir kimsenin yeminli terc\u00fcman mesle\u011fini icra etmesini yasakl\u0131yor.<\/p>\n","protected":false},"excerpt":{"rendered":"<p>\u015eAM \u2013 Cumhurba\u015fkan\u0131 Be\u015f\u015far el Esad bug\u00fcn, yeminli terc\u00fcman mesle\u011fine ili\u015fkin 2014\/22 say\u0131l\u0131 kanunun 2. Maddesinin d\u00fczeltilmesini \u00f6ng\u00f6ren 2016\/22 say\u0131l\u0131 kanunnameyi onaylad\u0131. Halk Meclisinin 17-11-2016 tarihli oturumunda tart\u0131\u015f\u0131p karara ba\u011flamas\u0131 ard\u0131ndan cumhurba\u015fkanl\u0131\u011f\u0131 onay\u0131 i\u00e7in el Esad\u2019a sevk etti\u011fi kanunnamede bakan onay\u0131 ve bakanl\u0131k ka\u015fesinin bas\u0131l\u0131 resmi belgesi olmaks\u0131z\u0131n herhangi bir kimsenin yeminli terc\u00fcman mesle\u011fini icra &hellip;<\/p>\n","protected":false},"author":1,"featured_media":56583,"comment_status":"closed","ping_status":"closed","sticky":false,"template":"","format":"standard","meta":{"footnotes":""},"categories":[479,605,17988,612,599,478],"tags":[25453,25452,25454],"class_list":["post-95920","post","type-post","status-publish","format-standard","has-post-thumbnail","","category-haberler-yerel","category-sayin-cumhurbaskani","category-son-haberler","category-yasama-kararnameler","category-yasama-ve-kanunlar","category-yerel","tag-cumhurbaskani-bessar-el-esad-bugun","tag-yeminli-tercuman-meslegi-kanunu-duzeltildi","tag-yeminli-tercuman-meslegine-iliskin-201422-sayili-kanunun-2-maddesinin-duzeltilmesini-ongoren-201622-sayili-kanunnameyi-onayladi"],"_links":{"self":[{"href":"https:\/\/archive.sana.sy\/tr\/index.php?rest_route=\/wp\/v2\/posts\/95920","targetHints":{"allow":["GET"]}}],"collection":[{"href":"https:\/\/archive.sana.sy\/tr\/index.php?rest_route=\/wp\/v2\/posts"}],"about":[{"href":"https:\/\/archive.sana.sy\/tr\/index.php?rest_route=\/wp\/v2\/types\/post"}],"author":[{"embeddable":true,"href":"https:\/\/archive.sana.sy\/tr\/index.php?rest_route=\/wp\/v2\/users\/1"}],"replies":[{"embeddable":true,"href":"https:\/\/archive.sana.sy\/tr\/index.php?rest_route=%2Fwp%2Fv2%2Fcomments&post=95920"}],"version-history":[{"count":0,"href":"https:\/\/archive.sana.sy\/tr\/index.php?rest_route=\/wp\/v2\/posts\/95920\/revisions"}],"wp:featuredmedia":[{"embeddable":true,"href":"https:\/\/archive.sana.sy\/tr\/index.php?rest_route=\/wp\/v2\/media\/56583"}],"wp:attachment":[{"href":"https:\/\/archive.sana.sy\/tr\/index.php?rest_route=%2Fwp%2Fv2%2Fmedia&parent=95920"}],"wp:term":[{"taxonomy":"category","embeddable":true,"href":"https:\/\/archive.sana.sy\/tr\/index.php?rest_route=%2Fwp%2Fv2%2Fcategories&post=95920"},{"taxonomy":"post_tag","embeddable":true,"href":"https:\/\/archive.sana.sy\/tr\/index.php?rest_route=%2Fwp%2Fv2%2Ftags&post=95920"}],"curies":[{"name":"wp","href":"https:\/\/api.w.org\/{rel}","templated":true}]}}