{"id":95932,"date":"2016-11-23T19:07:10","date_gmt":"2016-11-23T17:07:10","guid":{"rendered":"http:\/\/www.sana.sy\/tr\/?p=95932"},"modified":"2016-11-25T15:47:35","modified_gmt":"2016-11-25T13:47:35","slug":"saglik-bakani-tedmur-ve-mharrem-hastanelerine-saha-gezisinde-bulundu","status":"publish","type":"post","link":"https:\/\/archive.sana.sy\/tr\/?p=95932","title":{"rendered":"Sa\u011fl\u0131k Bakan\u0131 Tedmur ve Mharrem Hastanelerine Saha Gezisinde Bulundu"},"content":{"rendered":"<p>HOMS \u2013 Sa\u011fl\u0131k Bakan\u0131 Nizar Yaz\u0131c\u0131 Homs k\u0131rsal\u0131n\u0131n do\u011fusu Tedmur Kentine saha gezisinde bulunarak kentte bulunan devlet hastanesi ve sa\u011fl\u0131k merkezlerinde durumlar\u0131 inceledi.<\/p>\n<p><a href=\"http:\/\/www.sana.sy\/tr\/wp-content\/uploads\/2016\/11\/2-50.jpg\"><img loading=\"lazy\" decoding=\"async\" class=\"alignright wp-image-95934 size-medium\" src=\"http:\/\/www.sana.sy\/tr\/wp-content\/uploads\/2016\/11\/2-50-300x225.jpg\" alt=\"2\" width=\"300\" height=\"225\" srcset=\"https:\/\/archive.sana.sy\/tr\/wp-content\/uploads\/2016\/11\/2-50-300x225.jpg 300w, https:\/\/archive.sana.sy\/tr\/wp-content\/uploads\/2016\/11\/2-50-150x113.jpg 150w, https:\/\/archive.sana.sy\/tr\/wp-content\/uploads\/2016\/11\/2-50-768x576.jpg 768w, https:\/\/archive.sana.sy\/tr\/wp-content\/uploads\/2016\/11\/2-50-1024x768.jpg 1024w, https:\/\/archive.sana.sy\/tr\/wp-content\/uploads\/2016\/11\/2-50.jpg 1280w\" sizes=\"auto, (max-width: 300px) 100vw, 300px\" \/><\/a>Devlet hastanesini onarma \u00e7al\u0131\u015fmalar\u0131n\u0131 inceleyen ve sa\u011fl\u0131k merkezleri g\u00f6revlileriyle bir araya gelen Bakan Yaz\u0131c\u0131; vatanda\u015flara verilen hizmetlerde kar\u015f\u0131la\u015f\u0131lan sorunlar hakk\u0131nda bilgi ald\u0131. Yaz\u0131c\u0131 maruz kal\u0131nan ko\u015fullar i\u00e7inde vatanda\u015flar\u0131n y\u00fck\u00fcn\u00fc hafifletme ve onlara yard\u0131m etmenin devletin g\u00f6revi oldu\u011fu gibi insani bir sorumluluk oldu\u011funa dikkat \u00e7ekti.<\/p>\n<p>Bakan Yaz\u0131c\u0131 devlet hastanesinde gerekli t\u00fcm onar\u0131m \u00e7al\u0131\u015fmalar\u0131n\u0131n tamamlanmas\u0131 ve halk\u0131n t\u00fcm t\u0131bbi ihtiya\u00e7lar\u0131n\u0131 kar\u015f\u0131lama d\u00fczeyine gelmesine dek \u00e7al\u0131\u015fmalar\u0131n h\u0131zl\u0131 bir \u015fekilde devam edece\u011fini belirtti. Hastanede bir k\u0131s\u0131m b\u00f6l\u00fcmlerin hizmet verdi\u011fine dikkat \u00e7eken Yaz\u0131c\u0131, I\u015e\u0130D\u2019in kentten bertaraf edilmeden \u00f6nce sabote etti\u011fi b\u00f6l\u00fcmlerin onar\u0131m \u00e7al\u0131\u015fmalar\u0131n\u0131n ise devam etti\u011fini s\u00f6yledi.<\/p>\n<p>Bu arada ordu birliklerimizin ge\u00e7en May\u0131s ay\u0131nda Tedmur Kenti ve ahalisini I\u015e\u0130D\u2019ten kurtarmalar\u0131 ard\u0131ndan kentte devlet hastaneleri ve sa\u011fl\u0131k kurumlar\u0131n\u0131n bir k\u0131sm\u0131 onar\u0131lm\u0131\u015ft\u0131.<\/p>\n<p>Tedmur Kentinden sonra yine Homs k\u0131rsal\u0131n\u0131n do\u011fusunda yer alan Mharrem Devlet Hastanesini ziyaret eden Sa\u011fl\u0131k Bakan\u0131 Yaz\u0131c\u0131, hastanenin gerek duydu\u011fu t\u00fcm te\u00e7hizat ve cihazlar\u0131 en k\u0131sa zamanda temin etme vaatlerinde bulundu.<\/p>\n","protected":false},"excerpt":{"rendered":"<p>HOMS \u2013 Sa\u011fl\u0131k Bakan\u0131 Nizar Yaz\u0131c\u0131 Homs k\u0131rsal\u0131n\u0131n do\u011fusu Tedmur Kentine saha gezisinde bulunarak kentte bulunan devlet hastanesi ve sa\u011fl\u0131k merkezlerinde durumlar\u0131 inceledi. Devlet hastanesini onarma \u00e7al\u0131\u015fmalar\u0131n\u0131 inceleyen ve sa\u011fl\u0131k merkezleri g\u00f6revlileriyle bir araya gelen Bakan Yaz\u0131c\u0131; vatanda\u015flara verilen hizmetlerde kar\u015f\u0131la\u015f\u0131lan sorunlar hakk\u0131nda bilgi ald\u0131. Yaz\u0131c\u0131 maruz kal\u0131nan ko\u015fullar i\u00e7inde vatanda\u015flar\u0131n y\u00fck\u00fcn\u00fc hafifletme ve onlara &hellip;<\/p>\n","protected":false},"author":1,"featured_media":95933,"comment_status":"closed","ping_status":"closed","sticky":false,"template":"","format":"standard","meta":{"footnotes":""},"categories":[479,17988,478],"tags":[25456,25455],"class_list":["post-95932","post","type-post","status-publish","format-standard","has-post-thumbnail","","category-haberler-yerel","category-son-haberler","category-yerel","tag-saglik-bakani-nizar-yazici-homs-kirsalinin-dogusu-tedmur-kentine-saha-gezisinde-bulunarak-kentte-bulunan-devlet-hastanesi-ve-saglik-merkezlerinde-durumlari-inceledi","tag-saglik-bakani-tedmur-ve-mharrem-hastanelerine-saha-gezisinde-bulundu"],"_links":{"self":[{"href":"https:\/\/archive.sana.sy\/tr\/index.php?rest_route=\/wp\/v2\/posts\/95932","targetHints":{"allow":["GET"]}}],"collection":[{"href":"https:\/\/archive.sana.sy\/tr\/index.php?rest_route=\/wp\/v2\/posts"}],"about":[{"href":"https:\/\/archive.sana.sy\/tr\/index.php?rest_route=\/wp\/v2\/types\/post"}],"author":[{"embeddable":true,"href":"https:\/\/archive.sana.sy\/tr\/index.php?rest_route=\/wp\/v2\/users\/1"}],"replies":[{"embeddable":true,"href":"https:\/\/archive.sana.sy\/tr\/index.php?rest_route=%2Fwp%2Fv2%2Fcomments&post=95932"}],"version-history":[{"count":0,"href":"https:\/\/archive.sana.sy\/tr\/index.php?rest_route=\/wp\/v2\/posts\/95932\/revisions"}],"wp:featuredmedia":[{"embeddable":true,"href":"https:\/\/archive.sana.sy\/tr\/index.php?rest_route=\/wp\/v2\/media\/95933"}],"wp:attachment":[{"href":"https:\/\/archive.sana.sy\/tr\/index.php?rest_route=%2Fwp%2Fv2%2Fmedia&parent=95932"}],"wp:term":[{"taxonomy":"category","embeddable":true,"href":"https:\/\/archive.sana.sy\/tr\/index.php?rest_route=%2Fwp%2Fv2%2Fcategories&post=95932"},{"taxonomy":"post_tag","embeddable":true,"href":"https:\/\/archive.sana.sy\/tr\/index.php?rest_route=%2Fwp%2Fv2%2Ftags&post=95932"}],"curies":[{"name":"wp","href":"https:\/\/api.w.org\/{rel}","templated":true}]}}