{"id":95936,"date":"2016-11-23T19:18:42","date_gmt":"2016-11-23T17:18:42","guid":{"rendered":"http:\/\/www.sana.sy\/tr\/?p=95936"},"modified":"2016-11-25T15:47:32","modified_gmt":"2016-11-25T13:47:32","slug":"teror-magdurlarina-verilecek-konut-projesi-tamamlandi","status":"publish","type":"post","link":"https:\/\/archive.sana.sy\/tr\/?p=95936","title":{"rendered":"Ter\u00f6r Ma\u011fdurlar\u0131na Verilecek Konut Projesi Tamamland\u0131"},"content":{"rendered":"<p>HOMS \u2013 \u0130n\u015faat ve Yap\u0131 Genel M\u00fcd\u00fcrl\u00fc\u011f\u00fc Homs \u0130l \u015eubesi Bakanlar Kurulunda yeniden yap\u0131lanma komitesinin 2014 y\u0131l\u0131nda Hasye Organize Sanayi Kentinin imar plan\u0131 kapsam\u0131nda kararla\u015ft\u0131rd\u0131\u011f\u0131 4 bin vatanda\u015f i\u00e7in konut projesini tamamlad\u0131.<\/p>\n<p>\u0130n\u015faat ve Yap\u0131 Genel M\u00fcd\u00fcrl\u00fc\u011f\u00fcn\u00fcn Homs \u0130l M\u00fcd\u00fcr\u00fc Muhammed Asi SANA\u2019n\u0131n ekonomi b\u00fcltenine yapt\u0131\u011f\u0131 a\u00e7\u0131klamada; 2014 y\u0131l\u0131nda hayata ge\u00e7irilmeye ba\u015flanan konut projeleri kapsam\u0131nda 764 dairenin anahtar teslimi durumunda tamamland\u0131\u011f\u0131n\u0131 belirtti. Asi ter\u00f6r eylemleri nedeniyle tehcir edilen vatanda\u015flar\u0131n yerle\u015ftirilece\u011fi bu dairelerin son bir hafta i\u00e7inde 788 daireye tamamland\u0131klar\u0131n\u0131 s\u00f6zlerine ekledi.<\/p>\n<p>Asi gerekli t\u00fcm hizmet \u015febekeleri ve altyap\u0131yla tam olarak donat\u0131lm\u0131\u015f konut projesinde sa\u011fl\u0131k merkezi, polis karakolu, iki okul ve bir \u00e7ocuk kre\u015finin de bulundu\u011funu, park alanlar\u0131nda \u00e7al\u0131\u015fmalar\u0131n devam etti\u011fini kaydetti.<\/p>\n<p>Asi proje maliyetinin 2,5 milyar liray\u0131 buldu\u011funu s\u00f6yledi.<\/p>\n","protected":false},"excerpt":{"rendered":"<p>HOMS \u2013 \u0130n\u015faat ve Yap\u0131 Genel M\u00fcd\u00fcrl\u00fc\u011f\u00fc Homs \u0130l \u015eubesi Bakanlar Kurulunda yeniden yap\u0131lanma komitesinin 2014 y\u0131l\u0131nda Hasye Organize Sanayi Kentinin imar plan\u0131 kapsam\u0131nda kararla\u015ft\u0131rd\u0131\u011f\u0131 4 bin vatanda\u015f i\u00e7in konut projesini tamamlad\u0131. \u0130n\u015faat ve Yap\u0131 Genel M\u00fcd\u00fcrl\u00fc\u011f\u00fcn\u00fcn Homs \u0130l M\u00fcd\u00fcr\u00fc Muhammed Asi SANA\u2019n\u0131n ekonomi b\u00fcltenine yapt\u0131\u011f\u0131 a\u00e7\u0131klamada; 2014 y\u0131l\u0131nda hayata ge\u00e7irilmeye ba\u015flanan konut projeleri kapsam\u0131nda &hellip;<\/p>\n","protected":false},"author":1,"featured_media":95937,"comment_status":"closed","ping_status":"closed","sticky":false,"template":"","format":"standard","meta":{"footnotes":""},"categories":[485,486,479,17988,478],"tags":[25457],"class_list":["post-95936","post","type-post","status-publish","format-standard","has-post-thumbnail","","category-is-ve-sermaye","category-haberler-is-ve-sermaye","category-haberler-yerel","category-son-haberler","category-yerel","tag-teror-magdurlarina-verilecek-konut-projesi-tamamlandi"],"_links":{"self":[{"href":"https:\/\/archive.sana.sy\/tr\/index.php?rest_route=\/wp\/v2\/posts\/95936","targetHints":{"allow":["GET"]}}],"collection":[{"href":"https:\/\/archive.sana.sy\/tr\/index.php?rest_route=\/wp\/v2\/posts"}],"about":[{"href":"https:\/\/archive.sana.sy\/tr\/index.php?rest_route=\/wp\/v2\/types\/post"}],"author":[{"embeddable":true,"href":"https:\/\/archive.sana.sy\/tr\/index.php?rest_route=\/wp\/v2\/users\/1"}],"replies":[{"embeddable":true,"href":"https:\/\/archive.sana.sy\/tr\/index.php?rest_route=%2Fwp%2Fv2%2Fcomments&post=95936"}],"version-history":[{"count":0,"href":"https:\/\/archive.sana.sy\/tr\/index.php?rest_route=\/wp\/v2\/posts\/95936\/revisions"}],"wp:featuredmedia":[{"embeddable":true,"href":"https:\/\/archive.sana.sy\/tr\/index.php?rest_route=\/wp\/v2\/media\/95937"}],"wp:attachment":[{"href":"https:\/\/archive.sana.sy\/tr\/index.php?rest_route=%2Fwp%2Fv2%2Fmedia&parent=95936"}],"wp:term":[{"taxonomy":"category","embeddable":true,"href":"https:\/\/archive.sana.sy\/tr\/index.php?rest_route=%2Fwp%2Fv2%2Fcategories&post=95936"},{"taxonomy":"post_tag","embeddable":true,"href":"https:\/\/archive.sana.sy\/tr\/index.php?rest_route=%2Fwp%2Fv2%2Ftags&post=95936"}],"curies":[{"name":"wp","href":"https:\/\/api.w.org\/{rel}","templated":true}]}}