{"id":95941,"date":"2016-11-23T19:29:11","date_gmt":"2016-11-23T17:29:11","guid":{"rendered":"http:\/\/www.sana.sy\/tr\/?p=95941"},"modified":"2016-11-25T15:54:31","modified_gmt":"2016-11-25T13:54:31","slug":"kultur-bakanliginin-kurulus-yildonumunde-es-zamanli-kulturel-faaliyetler-duzenleniyor","status":"publish","type":"post","link":"https:\/\/archive.sana.sy\/tr\/?p=95941","title":{"rendered":"K\u00fclt\u00fcr Bakanl\u0131\u011f\u0131n\u0131n Kurulu\u015f Y\u0131ld\u00f6n\u00fcm\u00fcnde E\u015f Zamanl\u0131 K\u00fclt\u00fcrel Faaliyetler D\u00fczenleniyor (video)"},"content":{"rendered":"<p>\u015eAM \u2013 K\u00fclt\u00fcr Bakanl\u0131\u011f\u0131 kurulu\u015f y\u0131ld\u00f6n\u00fcm\u00fcnde \u2018G\u00fcn\u00fcm\u00fczde K\u00fclt\u00fcr; Kelimenin, \u0130nsanl\u0131\u011f\u0131n ve Ya\u015fam\u0131n K\u00fclt\u00fcr\u00fcd\u00fcr\u2019 slogan\u0131 alt\u0131nda \u015eam\u2019daki Esad K\u00fclt\u00fcr Sanat Merkezinde b\u00fcy\u00fck bir etkinlik ba\u015flatt\u0131.<\/p>\n<p>Ba\u015fbakan \u0130mad Hamis ve K\u00fclt\u00fcr Bakan\u0131 Muhammed el Ahmed\u2019in a\u00e7\u0131l\u0131\u015f\u0131n\u0131 yapt\u0131\u011f\u0131 k\u00fclt\u00fcrel etkinlikte sinema, tiyatro, m\u00fczik, dans, edebiyat ve folklor gibi k\u00fclt\u00fcrel faaliyetler d\u00fczenlenirken ayd\u0131n ve sanat\u00e7\u0131lar onurland\u0131r\u0131ld\u0131.<\/p>\n<p>Merkezi \u015eam\u2019da yap\u0131lan k\u00fclt\u00fcrel etkinliklere e\u015f zamanl\u0131 olarak muhtelif illerde ve b\u00f6lgelerde benzer sanatsal ve k\u00fclt\u00fcrel faaliyetler yap\u0131lacak.<\/p>\n<p>https:\/\/www.youtube.com\/watch?v=b_C19fuBFFI<\/p>\n","protected":false},"excerpt":{"rendered":"<p>\u015eAM \u2013 K\u00fclt\u00fcr Bakanl\u0131\u011f\u0131 kurulu\u015f y\u0131ld\u00f6n\u00fcm\u00fcnde \u2018G\u00fcn\u00fcm\u00fczde K\u00fclt\u00fcr; Kelimenin, \u0130nsanl\u0131\u011f\u0131n ve Ya\u015fam\u0131n K\u00fclt\u00fcr\u00fcd\u00fcr\u2019 slogan\u0131 alt\u0131nda \u015eam\u2019daki Esad K\u00fclt\u00fcr Sanat Merkezinde b\u00fcy\u00fck bir etkinlik ba\u015flatt\u0131. Ba\u015fbakan \u0130mad Hamis ve K\u00fclt\u00fcr Bakan\u0131 Muhammed el Ahmed\u2019in a\u00e7\u0131l\u0131\u015f\u0131n\u0131 yapt\u0131\u011f\u0131 k\u00fclt\u00fcrel etkinlikte sinema, tiyatro, m\u00fczik, dans, edebiyat ve folklor gibi k\u00fclt\u00fcrel faaliyetler d\u00fczenlenirken ayd\u0131n ve sanat\u00e7\u0131lar onurland\u0131r\u0131ld\u0131. Merkezi \u015eam\u2019da yap\u0131lan &hellip;<\/p>\n","protected":false},"author":1,"featured_media":95940,"comment_status":"closed","ping_status":"closed","sticky":false,"template":"","format":"standard","meta":{"footnotes":""},"categories":[479,516,511,17988,478],"tags":[25459,25458],"class_list":["post-95941","post","type-post","status-publish","format-standard","has-post-thumbnail","","category-haberler-yerel","category-haberler-kultur-ve-sanat","category-kultur-ve-sanat","category-son-haberler","category-yerel","tag-kultur-bakanligi-kurulus-yildonumunde-gunumuzde-kultur","tag-kultur-bakanliginin-kurulus-yildonumunde-es-zamanli-kulturel-faaliyetler-duzenleniyor"],"_links":{"self":[{"href":"https:\/\/archive.sana.sy\/tr\/index.php?rest_route=\/wp\/v2\/posts\/95941","targetHints":{"allow":["GET"]}}],"collection":[{"href":"https:\/\/archive.sana.sy\/tr\/index.php?rest_route=\/wp\/v2\/posts"}],"about":[{"href":"https:\/\/archive.sana.sy\/tr\/index.php?rest_route=\/wp\/v2\/types\/post"}],"author":[{"embeddable":true,"href":"https:\/\/archive.sana.sy\/tr\/index.php?rest_route=\/wp\/v2\/users\/1"}],"replies":[{"embeddable":true,"href":"https:\/\/archive.sana.sy\/tr\/index.php?rest_route=%2Fwp%2Fv2%2Fcomments&post=95941"}],"version-history":[{"count":0,"href":"https:\/\/archive.sana.sy\/tr\/index.php?rest_route=\/wp\/v2\/posts\/95941\/revisions"}],"wp:featuredmedia":[{"embeddable":true,"href":"https:\/\/archive.sana.sy\/tr\/index.php?rest_route=\/wp\/v2\/media\/95940"}],"wp:attachment":[{"href":"https:\/\/archive.sana.sy\/tr\/index.php?rest_route=%2Fwp%2Fv2%2Fmedia&parent=95941"}],"wp:term":[{"taxonomy":"category","embeddable":true,"href":"https:\/\/archive.sana.sy\/tr\/index.php?rest_route=%2Fwp%2Fv2%2Fcategories&post=95941"},{"taxonomy":"post_tag","embeddable":true,"href":"https:\/\/archive.sana.sy\/tr\/index.php?rest_route=%2Fwp%2Fv2%2Ftags&post=95941"}],"curies":[{"name":"wp","href":"https:\/\/api.w.org\/{rel}","templated":true}]}}