{"id":95944,"date":"2016-11-23T19:30:16","date_gmt":"2016-11-23T17:30:16","guid":{"rendered":"http:\/\/www.sana.sy\/tr\/?p=95944"},"modified":"2016-11-23T19:30:31","modified_gmt":"2016-11-23T17:30:31","slug":"kunaytra-il-emniyet-mudurlugunde-bir-kaynak-sanaya-aciklamasinda-israilden-direk-destek-alan-nusra-cephesi-ve-muttefikleri-teror-orgutlerin-han-arnaba-ve-baas-kentlerini-fuzelerle-h","status":"publish","type":"post","link":"https:\/\/archive.sana.sy\/tr\/?p=95944","title":{"rendered":"Kunaytra \u0130l Emniyet M\u00fcd\u00fcrl\u00fc\u011f\u00fcnde bir kaynak SANA\u2019ya a\u00e7\u0131klamas\u0131nda; \u0130srail\u2019den direk destek alan Nusra Cephesi ve m\u00fcttefikleri ter\u00f6r \u00f6rg\u00fctlerin Han Arnaba ve Baas kentlerini f\u00fczelerle hedef almalar\u0131 sonucunda 1 kad\u0131n\u0131n \u015fehit, 9 vatanda\u015f\u0131n da yaral\u0131 d\u00fc\u015ft\u00fcklerini belirtti"},"content":{"rendered":"<p>Kunaytra \u0130l Emniyet M\u00fcd\u00fcrl\u00fc\u011f\u00fcnde bir kaynak SANA\u2019ya a\u00e7\u0131klamas\u0131nda; \u0130srail\u2019den direk destek alan Nusra Cephesi ve m\u00fcttefikleri ter\u00f6r \u00f6rg\u00fctlerin Han Arnaba ve Baas kentlerini f\u00fczelerle hedef almalar\u0131 sonucunda 1 kad\u0131n\u0131n \u015fehit, 9 vatanda\u015f\u0131n da yaral\u0131 d\u00fc\u015ft\u00fcklerini belirtti<\/p>\n","protected":false},"excerpt":{"rendered":"<p>Kunaytra \u0130l Emniyet M\u00fcd\u00fcrl\u00fc\u011f\u00fcnde bir kaynak SANA\u2019ya a\u00e7\u0131klamas\u0131nda; \u0130srail\u2019den direk destek alan Nusra Cephesi ve m\u00fcttefikleri ter\u00f6r \u00f6rg\u00fctlerin Han Arnaba ve Baas kentlerini f\u00fczelerle hedef almalar\u0131 sonucunda 1 kad\u0131n\u0131n \u015fehit, 9 vatanda\u015f\u0131n da yaral\u0131 d\u00fc\u015ft\u00fcklerini belirtti<\/p>\n","protected":false},"author":1,"featured_media":0,"comment_status":"closed","ping_status":"closed","sticky":false,"template":"","format":"standard","meta":{"footnotes":""},"categories":[17991],"tags":[],"class_list":["post-95944","post","type-post","status-publish","format-standard","","category-son-dakika"],"_links":{"self":[{"href":"https:\/\/archive.sana.sy\/tr\/index.php?rest_route=\/wp\/v2\/posts\/95944","targetHints":{"allow":["GET"]}}],"collection":[{"href":"https:\/\/archive.sana.sy\/tr\/index.php?rest_route=\/wp\/v2\/posts"}],"about":[{"href":"https:\/\/archive.sana.sy\/tr\/index.php?rest_route=\/wp\/v2\/types\/post"}],"author":[{"embeddable":true,"href":"https:\/\/archive.sana.sy\/tr\/index.php?rest_route=\/wp\/v2\/users\/1"}],"replies":[{"embeddable":true,"href":"https:\/\/archive.sana.sy\/tr\/index.php?rest_route=%2Fwp%2Fv2%2Fcomments&post=95944"}],"version-history":[{"count":0,"href":"https:\/\/archive.sana.sy\/tr\/index.php?rest_route=\/wp\/v2\/posts\/95944\/revisions"}],"wp:attachment":[{"href":"https:\/\/archive.sana.sy\/tr\/index.php?rest_route=%2Fwp%2Fv2%2Fmedia&parent=95944"}],"wp:term":[{"taxonomy":"category","embeddable":true,"href":"https:\/\/archive.sana.sy\/tr\/index.php?rest_route=%2Fwp%2Fv2%2Fcategories&post=95944"},{"taxonomy":"post_tag","embeddable":true,"href":"https:\/\/archive.sana.sy\/tr\/index.php?rest_route=%2Fwp%2Fv2%2Ftags&post=95944"}],"curies":[{"name":"wp","href":"https:\/\/api.w.org\/{rel}","templated":true}]}}