{"id":95955,"date":"2016-11-23T22:00:34","date_gmt":"2016-11-23T20:00:34","guid":{"rendered":"http:\/\/www.sana.sy\/tr\/?p=95955"},"modified":"2016-11-25T15:46:59","modified_gmt":"2016-11-25T13:46:59","slug":"kosullar-her-zamandan-daha-uygun","status":"publish","type":"post","link":"https:\/\/archive.sana.sy\/tr\/?p=95955","title":{"rendered":"Ko\u015fullar Her Zamandan Daha Uygun"},"content":{"rendered":"<p>\u015eAM \u2013 Ulusal Uzla\u015fmadan Sorumlu Devlet Bakan\u0131 Ali Haydar; Suriye&#8217;nin, halk\u0131n muhtelif bile\u015fenleri aras\u0131ndaki b\u00fct\u00fcnle\u015fme ve ordumuzun fedakarl\u0131klar\u0131 sayesinde vatan\u0131n b\u00fct\u00fcn topraklar\u0131n\u0131 ter\u00f6rden temizlemeye b\u00fcy\u00fck bir azim ve kararl\u0131l\u0131kla devam edece\u011fini belirtti.<\/p>\n<p>Halep\u2019te parti, sendika, ve sivil halk faaliyetleri temsilcileriyle bir araya gelen Haydar; Halep \u0130linin m\u00fccadele ve \u00f6zveride onur verici bir model olu\u015fturdu\u011funa dikkat \u00e7ekerken, Halep\u2019in ter\u00f6r \u00f6rg\u00fctlerden temizlenmesi i\u00e7in ordu birlilerimiz ile ayn\u0131 safta durarak \u015fanl\u0131 zaferi kucaklamaya haz\u0131rland\u0131\u011f\u0131n\u0131 kaydetti.<\/p>\n<p>Bakan Haydar ulusal uzla\u015fman\u0131n sa\u011flanmas\u0131 i\u00e7in b\u00fct\u00fcn ko\u015fullar\u0131n \u015fu an her zamandan daha \u00e7ok uygun oldu\u011funa i\u015faret ederek, ulusal bir g\u00f6rev say\u0131lan bu uzla\u015fman\u0131n hayata ge\u00e7irilmesi i\u00e7in herkesi \u00f6zen ve \u00e7aba g\u00f6stermeye davet etti.<\/p>\n<p>Haydar; Cumhurba\u015fkan\u0131 Be\u015f\u015far el Esad\u2019\u0131n onaylam\u0131\u015f oldu\u011fu 2016\/15 say\u0131l\u0131 af karar\u0131n\u0131n, silah\u0131 vatanda\u015flar\u0131na de\u011fil sadece ter\u00f6r \u00f6rg\u00fctlere kar\u015f\u0131 kullanma mant\u0131\u011f\u0131na sahip olan devletin insani ve ulusal g\u00f6revi kapsam\u0131nda g\u00fcc\u00fcn\u00fc prati\u011fe yans\u0131tt\u0131\u011f\u0131na dikkat \u00e7ekti.<\/p>\n<p>Halep Valisi H\u00fcseyin Diyab ise; ulusal uzla\u015fma \u00e7abalar\u0131na aral\u0131ks\u0131z bir \u015fekilde devam etti\u011fine dikkat \u00e7ekerken, Halep Kentinin do\u011fusunda d\u0131\u015f g\u00fc\u00e7lere tabi ter\u00f6ristlerin canl\u0131 kalkan olarak kulland\u0131klar\u0131 masum sivil insanlar\u0131 kurtarmak i\u00e7in saat ba\u015f\u0131 temas ve \u00e7abalar\u0131n devam etti\u011fini kaydetti. Bu semtlerden \u00e7\u0131kan vatanda\u015flar\u0131n durumuna \u0131\u015f\u0131k tutan Vali Diyab; ikamet yerleri dahil t\u00fcm gereksinimlerinin temin edildi\u011fini s\u00f6yledi.<\/p>\n<p>Baas Partisinin Halep \u0130l Ba\u015fkan\u0131 Ahmet Salih \u0130brahim de konu\u015fmas\u0131nda Halep Kentinin do\u011fusundaki sivil vatanda\u015flar\u0131n radikal ter\u00f6r \u00f6rg\u00fctlerin zul\u00fcm ve sald\u0131r\u0131lar\u0131ndan kurtar\u0131lmalar\u0131 gerekti\u011finin alt\u0131n\u0131 \u00e7izdi. \u0130brahim bu semtlerden ka\u00e7arak ordu birliklerimizin bulunduklar\u0131 b\u00f6lgelere s\u0131\u011f\u0131nan sivil vatanda\u015flar\u0131n, ter\u00f6r \u00f6rg\u00fctlerin vah\u015fetini yans\u0131tt\u0131\u011f\u0131na i\u015faret etti.<\/p>\n","protected":false},"excerpt":{"rendered":"<p>\u015eAM \u2013 Ulusal Uzla\u015fmadan Sorumlu Devlet Bakan\u0131 Ali Haydar; Suriye&#8217;nin, halk\u0131n muhtelif bile\u015fenleri aras\u0131ndaki b\u00fct\u00fcnle\u015fme ve ordumuzun fedakarl\u0131klar\u0131 sayesinde vatan\u0131n b\u00fct\u00fcn topraklar\u0131n\u0131 ter\u00f6rden temizlemeye b\u00fcy\u00fck bir azim ve kararl\u0131l\u0131kla devam edece\u011fini belirtti. Halep\u2019te parti, sendika, ve sivil halk faaliyetleri temsilcileriyle bir araya gelen Haydar; Halep \u0130linin m\u00fccadele ve \u00f6zveride onur verici bir model olu\u015fturdu\u011funa dikkat &hellip;<\/p>\n","protected":false},"author":1,"featured_media":14791,"comment_status":"closed","ping_status":"closed","sticky":false,"template":"","format":"standard","meta":{"footnotes":""},"categories":[479,17988,478],"tags":[25462,25461,11549,18157,25463],"class_list":["post-95955","post","type-post","status-publish","format-standard","has-post-thumbnail","","category-haberler-yerel","category-son-haberler","category-yerel","tag-baas-partisinin-halep-il-baskani-ahmet-salih-ibrahim","tag-kosullar-her-zamandan-daha-uygun","tag-suriye-ordusu","tag-ulusal-uzlasma","tag-ulusal-uzlasmadan-sorumlu-devlet-bakani-ali-haydar"],"_links":{"self":[{"href":"https:\/\/archive.sana.sy\/tr\/index.php?rest_route=\/wp\/v2\/posts\/95955","targetHints":{"allow":["GET"]}}],"collection":[{"href":"https:\/\/archive.sana.sy\/tr\/index.php?rest_route=\/wp\/v2\/posts"}],"about":[{"href":"https:\/\/archive.sana.sy\/tr\/index.php?rest_route=\/wp\/v2\/types\/post"}],"author":[{"embeddable":true,"href":"https:\/\/archive.sana.sy\/tr\/index.php?rest_route=\/wp\/v2\/users\/1"}],"replies":[{"embeddable":true,"href":"https:\/\/archive.sana.sy\/tr\/index.php?rest_route=%2Fwp%2Fv2%2Fcomments&post=95955"}],"version-history":[{"count":0,"href":"https:\/\/archive.sana.sy\/tr\/index.php?rest_route=\/wp\/v2\/posts\/95955\/revisions"}],"wp:featuredmedia":[{"embeddable":true,"href":"https:\/\/archive.sana.sy\/tr\/index.php?rest_route=\/wp\/v2\/media\/14791"}],"wp:attachment":[{"href":"https:\/\/archive.sana.sy\/tr\/index.php?rest_route=%2Fwp%2Fv2%2Fmedia&parent=95955"}],"wp:term":[{"taxonomy":"category","embeddable":true,"href":"https:\/\/archive.sana.sy\/tr\/index.php?rest_route=%2Fwp%2Fv2%2Fcategories&post=95955"},{"taxonomy":"post_tag","embeddable":true,"href":"https:\/\/archive.sana.sy\/tr\/index.php?rest_route=%2Fwp%2Fv2%2Ftags&post=95955"}],"curies":[{"name":"wp","href":"https:\/\/api.w.org\/{rel}","templated":true}]}}