{"id":95969,"date":"2016-11-24T14:07:10","date_gmt":"2016-11-24T12:07:10","guid":{"rendered":"http:\/\/www.sana.sy\/tr\/?p=95969"},"modified":"2016-11-24T15:18:50","modified_gmt":"2016-11-24T13:18:50","slug":"kaynaklar-gaddar-teror-saldirilari-sonucunda-6-vatandasin-sehit-1-vatandasin-da-yarali-dustugunu-belirtirken-evlerde-ve-isyerlerinde-buyuk-hasarlarin-meydana-gldigine-dikkat-cekti","status":"publish","type":"post","link":"https:\/\/archive.sana.sy\/tr\/?p=95969","title":{"rendered":"Kaynaklar gaddar ter\u00f6r sald\u0131r\u0131lar\u0131 sonucunda 6 vatanda\u015f\u0131n \u015fehit, 1 vatanda\u015f\u0131n da yaral\u0131 d\u00fc\u015ft\u00fc\u011f\u00fcn\u00fc belirtirken, evlerde ve i\u015fyerlerinde b\u00fcy\u00fck hasarlar\u0131n meydana gldi\u011fine dikkat \u00e7ekti."},"content":{"rendered":"<p>Kaynaklar gaddar ter\u00f6r sald\u0131r\u0131lar\u0131 sonucunda 6 vatanda\u015f\u0131n \u015fehit, 1 vatanda\u015f\u0131n da yaral\u0131 d\u00fc\u015ft\u00fc\u011f\u00fcn\u00fc belirtirken, evlerde ve i\u015fyerlerinde b\u00fcy\u00fck hasarlar\u0131n meydana gldi\u011fine dikkat \u00e7ekti.<\/p>\n","protected":false},"excerpt":{"rendered":"<p>Kaynaklar gaddar ter\u00f6r sald\u0131r\u0131lar\u0131 sonucunda 6 vatanda\u015f\u0131n \u015fehit, 1 vatanda\u015f\u0131n da yaral\u0131 d\u00fc\u015ft\u00fc\u011f\u00fcn\u00fc belirtirken, evlerde ve i\u015fyerlerinde b\u00fcy\u00fck hasarlar\u0131n meydana gldi\u011fine dikkat \u00e7ekti.<\/p>\n","protected":false},"author":1,"featured_media":0,"comment_status":"closed","ping_status":"closed","sticky":false,"template":"","format":"standard","meta":{"footnotes":""},"categories":[17991],"tags":[],"class_list":["post-95969","post","type-post","status-publish","format-standard","","category-son-dakika"],"_links":{"self":[{"href":"https:\/\/archive.sana.sy\/tr\/index.php?rest_route=\/wp\/v2\/posts\/95969","targetHints":{"allow":["GET"]}}],"collection":[{"href":"https:\/\/archive.sana.sy\/tr\/index.php?rest_route=\/wp\/v2\/posts"}],"about":[{"href":"https:\/\/archive.sana.sy\/tr\/index.php?rest_route=\/wp\/v2\/types\/post"}],"author":[{"embeddable":true,"href":"https:\/\/archive.sana.sy\/tr\/index.php?rest_route=\/wp\/v2\/users\/1"}],"replies":[{"embeddable":true,"href":"https:\/\/archive.sana.sy\/tr\/index.php?rest_route=%2Fwp%2Fv2%2Fcomments&post=95969"}],"version-history":[{"count":0,"href":"https:\/\/archive.sana.sy\/tr\/index.php?rest_route=\/wp\/v2\/posts\/95969\/revisions"}],"wp:attachment":[{"href":"https:\/\/archive.sana.sy\/tr\/index.php?rest_route=%2Fwp%2Fv2%2Fmedia&parent=95969"}],"wp:term":[{"taxonomy":"category","embeddable":true,"href":"https:\/\/archive.sana.sy\/tr\/index.php?rest_route=%2Fwp%2Fv2%2Fcategories&post=95969"},{"taxonomy":"post_tag","embeddable":true,"href":"https:\/\/archive.sana.sy\/tr\/index.php?rest_route=%2Fwp%2Fv2%2Ftags&post=95969"}],"curies":[{"name":"wp","href":"https:\/\/api.w.org\/{rel}","templated":true}]}}