{"id":95972,"date":"2016-11-24T11:18:53","date_gmt":"2016-11-24T09:18:53","guid":{"rendered":"http:\/\/www.sana.sy\/tr\/?p=95972"},"modified":"2016-11-24T15:19:26","modified_gmt":"2016-11-24T13:19:26","slug":"idlib-kirsalinin-kuzeyinde-ise-ihvanci-erdogan-rejiminin-destek-ve-komutasinda-teror-estiren-kaide-orgutunun-suriye-kolu-nusra-cephesine-tabi-radikal-teroristler-uc-yila-askin-suredir-kusatma-altinda","status":"publish","type":"post","link":"https:\/\/archive.sana.sy\/tr\/?p=95972","title":{"rendered":"\u0130dlib k\u0131rsal\u0131n\u0131n kuzeyinde ise \u0130hvanc\u0131 Erdo\u011fan rejiminin destek ve komutas\u0131nda ter\u00f6r estiren Kaide \u00d6rg\u00fct\u00fcn\u00fcn Suriye kolu Nusra Cephesine tabi radikal ter\u00f6ristler, \u00fc\u00e7 y\u0131la a\u015fk\u0131n s\u00fcredir ku\u015fatma alt\u0131nda tuttuklar\u0131 Fua Beldesinde evleri ve vatanda\u015flar\u0131 a\u011f\u0131r silahlar ve keskin ni\u015fanc\u0131 silahlarla sald\u0131rd\u0131lar."},"content":{"rendered":"<p>\u0130dlib k\u0131rsal\u0131n\u0131n kuzeyinde ise \u0130hvanc\u0131 Erdo\u011fan rejiminin destek ve komutas\u0131nda ter\u00f6r estiren Kaide \u00d6rg\u00fct\u00fcn\u00fcn Suriye kolu Nusra Cephesine tabi radikal ter\u00f6ristler, \u00fc\u00e7 y\u0131la a\u015fk\u0131n s\u00fcredir ku\u015fatma alt\u0131nda tuttuklar\u0131 Fua Beldesinde evleri ve vatanda\u015flar\u0131 a\u011f\u0131r silahlar ve keskin ni\u015fanc\u0131 silahlarla sald\u0131rd\u0131lar.<\/p>\n","protected":false},"excerpt":{"rendered":"<p>\u0130dlib k\u0131rsal\u0131n\u0131n kuzeyinde ise \u0130hvanc\u0131 Erdo\u011fan rejiminin destek ve komutas\u0131nda ter\u00f6r estiren Kaide \u00d6rg\u00fct\u00fcn\u00fcn Suriye kolu Nusra Cephesine tabi radikal ter\u00f6ristler, \u00fc\u00e7 y\u0131la a\u015fk\u0131n s\u00fcredir ku\u015fatma alt\u0131nda tuttuklar\u0131 Fua Beldesinde evleri ve vatanda\u015flar\u0131 a\u011f\u0131r silahlar ve keskin ni\u015fanc\u0131 silahlarla sald\u0131rd\u0131lar.<\/p>\n","protected":false},"author":1,"featured_media":0,"comment_status":"closed","ping_status":"closed","sticky":false,"template":"","format":"standard","meta":{"footnotes":""},"categories":[17991],"tags":[],"class_list":["post-95972","post","type-post","status-publish","format-standard","","category-son-dakika"],"_links":{"self":[{"href":"https:\/\/archive.sana.sy\/tr\/index.php?rest_route=\/wp\/v2\/posts\/95972","targetHints":{"allow":["GET"]}}],"collection":[{"href":"https:\/\/archive.sana.sy\/tr\/index.php?rest_route=\/wp\/v2\/posts"}],"about":[{"href":"https:\/\/archive.sana.sy\/tr\/index.php?rest_route=\/wp\/v2\/types\/post"}],"author":[{"embeddable":true,"href":"https:\/\/archive.sana.sy\/tr\/index.php?rest_route=\/wp\/v2\/users\/1"}],"replies":[{"embeddable":true,"href":"https:\/\/archive.sana.sy\/tr\/index.php?rest_route=%2Fwp%2Fv2%2Fcomments&post=95972"}],"version-history":[{"count":0,"href":"https:\/\/archive.sana.sy\/tr\/index.php?rest_route=\/wp\/v2\/posts\/95972\/revisions"}],"wp:attachment":[{"href":"https:\/\/archive.sana.sy\/tr\/index.php?rest_route=%2Fwp%2Fv2%2Fmedia&parent=95972"}],"wp:term":[{"taxonomy":"category","embeddable":true,"href":"https:\/\/archive.sana.sy\/tr\/index.php?rest_route=%2Fwp%2Fv2%2Fcategories&post=95972"},{"taxonomy":"post_tag","embeddable":true,"href":"https:\/\/archive.sana.sy\/tr\/index.php?rest_route=%2Fwp%2Fv2%2Ftags&post=95972"}],"curies":[{"name":"wp","href":"https:\/\/api.w.org\/{rel}","templated":true}]}}