{"id":95993,"date":"2016-11-24T09:20:59","date_gmt":"2016-11-24T07:20:59","guid":{"rendered":"http:\/\/www.sana.sy\/tr\/?p=95993"},"modified":"2016-11-24T15:59:05","modified_gmt":"2016-11-24T13:59:05","slug":"kaynak-ordu-birliklerimizde-patlayici-uzmanlarinin-tunel-ve-teroristlerin-tunel-icinde-ve-cikislarinda-insa-etmis-olduklari-siperleri-de-imha-ettiklerini-belirtti","status":"publish","type":"post","link":"https:\/\/archive.sana.sy\/tr\/?p=95993","title":{"rendered":"Kaynak ordu birliklerimizde patlay\u0131c\u0131 uzmanlar\u0131n\u0131n t\u00fcnel ve ter\u00f6ristlerin t\u00fcnel i\u00e7inde ve \u00e7\u0131k\u0131\u015flar\u0131nda in\u015fa etmi\u015f olduklar\u0131 siperleri de imha ettiklerini belirtti"},"content":{"rendered":"<p>Kaynak ordu birliklerimizde patlay\u0131c\u0131 uzmanlar\u0131n\u0131n t\u00fcnel ve ter\u00f6ristlerin t\u00fcnel i\u00e7inde ve \u00e7\u0131k\u0131\u015flar\u0131nda in\u015fa etmi\u015f olduklar\u0131 siperleri de imha ettiklerini belirtti<\/p>\n","protected":false},"excerpt":{"rendered":"<p>Kaynak ordu birliklerimizde patlay\u0131c\u0131 uzmanlar\u0131n\u0131n t\u00fcnel ve ter\u00f6ristlerin t\u00fcnel i\u00e7inde ve \u00e7\u0131k\u0131\u015flar\u0131nda in\u015fa etmi\u015f olduklar\u0131 siperleri de imha ettiklerini belirtti<\/p>\n","protected":false},"author":1,"featured_media":0,"comment_status":"closed","ping_status":"closed","sticky":false,"template":"","format":"standard","meta":{"footnotes":""},"categories":[17991],"tags":[],"class_list":["post-95993","post","type-post","status-publish","format-standard","","category-son-dakika"],"_links":{"self":[{"href":"https:\/\/archive.sana.sy\/tr\/index.php?rest_route=\/wp\/v2\/posts\/95993","targetHints":{"allow":["GET"]}}],"collection":[{"href":"https:\/\/archive.sana.sy\/tr\/index.php?rest_route=\/wp\/v2\/posts"}],"about":[{"href":"https:\/\/archive.sana.sy\/tr\/index.php?rest_route=\/wp\/v2\/types\/post"}],"author":[{"embeddable":true,"href":"https:\/\/archive.sana.sy\/tr\/index.php?rest_route=\/wp\/v2\/users\/1"}],"replies":[{"embeddable":true,"href":"https:\/\/archive.sana.sy\/tr\/index.php?rest_route=%2Fwp%2Fv2%2Fcomments&post=95993"}],"version-history":[{"count":0,"href":"https:\/\/archive.sana.sy\/tr\/index.php?rest_route=\/wp\/v2\/posts\/95993\/revisions"}],"wp:attachment":[{"href":"https:\/\/archive.sana.sy\/tr\/index.php?rest_route=%2Fwp%2Fv2%2Fmedia&parent=95993"}],"wp:term":[{"taxonomy":"category","embeddable":true,"href":"https:\/\/archive.sana.sy\/tr\/index.php?rest_route=%2Fwp%2Fv2%2Fcategories&post=95993"},{"taxonomy":"post_tag","embeddable":true,"href":"https:\/\/archive.sana.sy\/tr\/index.php?rest_route=%2Fwp%2Fv2%2Ftags&post=95993"}],"curies":[{"name":"wp","href":"https:\/\/api.w.org\/{rel}","templated":true}]}}