{"id":96020,"date":"2016-11-24T15:24:01","date_gmt":"2016-11-24T13:24:01","guid":{"rendered":"http:\/\/www.sana.sy\/tr\/?p=96020"},"modified":"2016-11-24T16:25:00","modified_gmt":"2016-11-24T14:25:00","slug":"il-kirsalinin-kuzeydogusu-bati-gariye-beldesi-yakinlarinda-da-siperlenme-eylemlerinde-bulunan-bir-teror-grubunun-top-atesine-tutuldugunu-ifade-eden-kaynak-teror-grubu-ve-kullandiklari-araclarin-imha","status":"publish","type":"post","link":"https:\/\/archive.sana.sy\/tr\/?p=96020","title":{"rendered":"\u0130l k\u0131rsal\u0131n\u0131n kuzeydo\u011fusu Bat\u0131 Gariye Beldesi yak\u0131nlar\u0131nda da siperlenme eylemlerinde bulunan bir ter\u00f6r grubunun top ate\u015fine tutuldu\u011funu ifade eden kaynak, ter\u00f6r grubu ve kulland\u0131klar\u0131 ara\u00e7lar\u0131n imha edildi\u011fini kaydetti."},"content":{"rendered":"<div class=\"\">\n<div class=\"_1mf _1mj\"><span><span>\u0130l k\u0131rsal\u0131n\u0131n kuzeydo\u011fusu Bat\u0131 Gariye Beldesi yak\u0131nlar\u0131nda da siperlenme eylemlerinde bulunan bir ter\u00f6r grubunun top ate\u015fine tutuldu\u011funu ifade eden kaynak, ter\u00f6r grubu ve kulland\u0131klar\u0131 ara\u00e7lar\u0131n imha edildi\u011fini kaydetti. <\/span><\/span><\/div>\n<\/div>\n<div class=\"\"><\/div>\n","protected":false},"excerpt":{"rendered":"<p>\u0130l k\u0131rsal\u0131n\u0131n kuzeydo\u011fusu Bat\u0131 Gariye Beldesi yak\u0131nlar\u0131nda da siperlenme eylemlerinde bulunan bir ter\u00f6r grubunun top ate\u015fine tutuldu\u011funu ifade eden kaynak, ter\u00f6r grubu ve kulland\u0131klar\u0131 ara\u00e7lar\u0131n imha edildi\u011fini kaydetti.<\/p>\n","protected":false},"author":1,"featured_media":0,"comment_status":"closed","ping_status":"closed","sticky":false,"template":"","format":"standard","meta":{"footnotes":""},"categories":[17991],"tags":[],"class_list":["post-96020","post","type-post","status-publish","format-standard","","category-son-dakika"],"_links":{"self":[{"href":"https:\/\/archive.sana.sy\/tr\/index.php?rest_route=\/wp\/v2\/posts\/96020","targetHints":{"allow":["GET"]}}],"collection":[{"href":"https:\/\/archive.sana.sy\/tr\/index.php?rest_route=\/wp\/v2\/posts"}],"about":[{"href":"https:\/\/archive.sana.sy\/tr\/index.php?rest_route=\/wp\/v2\/types\/post"}],"author":[{"embeddable":true,"href":"https:\/\/archive.sana.sy\/tr\/index.php?rest_route=\/wp\/v2\/users\/1"}],"replies":[{"embeddable":true,"href":"https:\/\/archive.sana.sy\/tr\/index.php?rest_route=%2Fwp%2Fv2%2Fcomments&post=96020"}],"version-history":[{"count":0,"href":"https:\/\/archive.sana.sy\/tr\/index.php?rest_route=\/wp\/v2\/posts\/96020\/revisions"}],"wp:attachment":[{"href":"https:\/\/archive.sana.sy\/tr\/index.php?rest_route=%2Fwp%2Fv2%2Fmedia&parent=96020"}],"wp:term":[{"taxonomy":"category","embeddable":true,"href":"https:\/\/archive.sana.sy\/tr\/index.php?rest_route=%2Fwp%2Fv2%2Fcategories&post=96020"},{"taxonomy":"post_tag","embeddable":true,"href":"https:\/\/archive.sana.sy\/tr\/index.php?rest_route=%2Fwp%2Fv2%2Ftags&post=96020"}],"curies":[{"name":"wp","href":"https:\/\/api.w.org\/{rel}","templated":true}]}}