{"id":96141,"date":"2016-11-26T09:36:31","date_gmt":"2016-11-26T07:36:31","guid":{"rendered":"http:\/\/www.sana.sy\/tr\/?p=96141"},"modified":"2016-11-26T13:21:48","modified_gmt":"2016-11-26T11:21:48","slug":"vahhabi-al-suud-ve-ihvanci-erdogan-rejimlerinin-yani-sira-batili-bir-kisim-devletlerin-halepin-dogu-semtlerinde-destekleyip-savunduklari-azili-teror-cetelerin-canli-kalkan-olarak-kullandiklar","status":"publish","type":"post","link":"https:\/\/archive.sana.sy\/tr\/?p=96141","title":{"rendered":"Vahhabi Al Suud ve \u0130hvanc\u0131 Erdo\u011fan rejimlerinin yan\u0131 s\u0131ra Bat\u0131l\u0131 bir k\u0131s\u0131m devletlerin Halep\u2019in do\u011fu semtlerinde destekleyip savunduklar\u0131 az\u0131l\u0131 ter\u00f6r \u00e7etelerin canl\u0131 kalkan olarak kulland\u0131klar\u0131 masum sivil insanlardan bir k\u0131s\u0131m vatanda\u015flar bug\u00fcn sabah saatlerinde ordu birliklerimizin bulunduklar\u0131 b\u00f6lgelere ka\u00e7may\u0131 ba\u015fard\u0131."},"content":{"rendered":"<p>Vahhabi Al Suud ve \u0130hvanc\u0131 Erdo\u011fan rejimlerinin yan\u0131 s\u0131ra Bat\u0131l\u0131 bir k\u0131s\u0131m devletlerin Halep\u2019in do\u011fu semtlerinde destekleyip savunduklar\u0131 az\u0131l\u0131 ter\u00f6r \u00e7etelerin canl\u0131 kalkan olarak kulland\u0131klar\u0131 masum sivil insanlardan bir k\u0131s\u0131m vatanda\u015flar bug\u00fcn sabah saatlerinde ordu birliklerimizin bulunduklar\u0131 b\u00f6lgelere ka\u00e7may\u0131 ba\u015fard\u0131.<\/p>\n","protected":false},"excerpt":{"rendered":"<p>Vahhabi Al Suud ve \u0130hvanc\u0131 Erdo\u011fan rejimlerinin yan\u0131 s\u0131ra Bat\u0131l\u0131 bir k\u0131s\u0131m devletlerin Halep\u2019in do\u011fu semtlerinde destekleyip savunduklar\u0131 az\u0131l\u0131 ter\u00f6r \u00e7etelerin canl\u0131 kalkan olarak kulland\u0131klar\u0131 masum sivil insanlardan bir k\u0131s\u0131m vatanda\u015flar bug\u00fcn sabah saatlerinde ordu birliklerimizin bulunduklar\u0131 b\u00f6lgelere ka\u00e7may\u0131 ba\u015fard\u0131.<\/p>\n","protected":false},"author":1,"featured_media":0,"comment_status":"closed","ping_status":"closed","sticky":false,"template":"","format":"standard","meta":{"footnotes":""},"categories":[17991],"tags":[],"class_list":["post-96141","post","type-post","status-publish","format-standard","","category-son-dakika"],"_links":{"self":[{"href":"https:\/\/archive.sana.sy\/tr\/index.php?rest_route=\/wp\/v2\/posts\/96141","targetHints":{"allow":["GET"]}}],"collection":[{"href":"https:\/\/archive.sana.sy\/tr\/index.php?rest_route=\/wp\/v2\/posts"}],"about":[{"href":"https:\/\/archive.sana.sy\/tr\/index.php?rest_route=\/wp\/v2\/types\/post"}],"author":[{"embeddable":true,"href":"https:\/\/archive.sana.sy\/tr\/index.php?rest_route=\/wp\/v2\/users\/1"}],"replies":[{"embeddable":true,"href":"https:\/\/archive.sana.sy\/tr\/index.php?rest_route=%2Fwp%2Fv2%2Fcomments&post=96141"}],"version-history":[{"count":0,"href":"https:\/\/archive.sana.sy\/tr\/index.php?rest_route=\/wp\/v2\/posts\/96141\/revisions"}],"wp:attachment":[{"href":"https:\/\/archive.sana.sy\/tr\/index.php?rest_route=%2Fwp%2Fv2%2Fmedia&parent=96141"}],"wp:term":[{"taxonomy":"category","embeddable":true,"href":"https:\/\/archive.sana.sy\/tr\/index.php?rest_route=%2Fwp%2Fv2%2Fcategories&post=96141"},{"taxonomy":"post_tag","embeddable":true,"href":"https:\/\/archive.sana.sy\/tr\/index.php?rest_route=%2Fwp%2Fv2%2Ftags&post=96141"}],"curies":[{"name":"wp","href":"https:\/\/api.w.org\/{rel}","templated":true}]}}