{"id":96253,"date":"2016-11-27T11:51:42","date_gmt":"2016-11-27T09:51:42","guid":{"rendered":"http:\/\/www.sana.sy\/tr\/?p=96253"},"modified":"2016-11-27T13:59:48","modified_gmt":"2016-11-27T11:59:48","slug":"halep-kentinin-dogu-semtlerinde-belli-basli-devletler-tarafindan-ilimli-muhalifler-olarak-adlandirilan-azili-teroristlerin-canli-kalkan-olarak-kullandiklari-masum-sivil-vatandaslarda","status":"publish","type":"post","link":"https:\/\/archive.sana.sy\/tr\/?p=96253","title":{"rendered":"Halep Kentinin do\u011fu semtlerinde belli ba\u015fl\u0131 devletler taraf\u0131ndan \u2018Il\u0131ml\u0131 muhalifler\u2019 olarak adland\u0131r\u0131lan az\u0131l\u0131 ter\u00f6ristlerin canl\u0131 kalkan olarak kulland\u0131klar\u0131 masum sivil vatanda\u015flardan birka\u00e7\u0131 bug\u00fcn yine ordu birliklerimizin bulunduklar\u0131 b\u00f6lgelere ka\u00e7may\u0131 ba\u015fard\u0131"},"content":{"rendered":"<p>Halep Kentinin do\u011fu semtlerinde belli ba\u015fl\u0131 devletler taraf\u0131ndan \u2018Il\u0131ml\u0131 muhalifler\u2019 olarak adland\u0131r\u0131lan az\u0131l\u0131 ter\u00f6ristlerin canl\u0131 kalkan olarak kulland\u0131klar\u0131 masum sivil vatanda\u015flardan birka\u00e7\u0131 bug\u00fcn yine ordu birliklerimizin bulunduklar\u0131 b\u00f6lgelere ka\u00e7may\u0131 ba\u015fard\u0131<\/p>\n","protected":false},"excerpt":{"rendered":"<p>Halep Kentinin do\u011fu semtlerinde belli ba\u015fl\u0131 devletler taraf\u0131ndan \u2018Il\u0131ml\u0131 muhalifler\u2019 olarak adland\u0131r\u0131lan az\u0131l\u0131 ter\u00f6ristlerin canl\u0131 kalkan olarak kulland\u0131klar\u0131 masum sivil vatanda\u015flardan birka\u00e7\u0131 bug\u00fcn yine ordu birliklerimizin bulunduklar\u0131 b\u00f6lgelere ka\u00e7may\u0131 ba\u015fard\u0131<\/p>\n","protected":false},"author":1,"featured_media":0,"comment_status":"closed","ping_status":"closed","sticky":false,"template":"","format":"standard","meta":{"footnotes":""},"categories":[17991],"tags":[],"class_list":["post-96253","post","type-post","status-publish","format-standard","","category-son-dakika"],"_links":{"self":[{"href":"https:\/\/archive.sana.sy\/tr\/index.php?rest_route=\/wp\/v2\/posts\/96253","targetHints":{"allow":["GET"]}}],"collection":[{"href":"https:\/\/archive.sana.sy\/tr\/index.php?rest_route=\/wp\/v2\/posts"}],"about":[{"href":"https:\/\/archive.sana.sy\/tr\/index.php?rest_route=\/wp\/v2\/types\/post"}],"author":[{"embeddable":true,"href":"https:\/\/archive.sana.sy\/tr\/index.php?rest_route=\/wp\/v2\/users\/1"}],"replies":[{"embeddable":true,"href":"https:\/\/archive.sana.sy\/tr\/index.php?rest_route=%2Fwp%2Fv2%2Fcomments&post=96253"}],"version-history":[{"count":0,"href":"https:\/\/archive.sana.sy\/tr\/index.php?rest_route=\/wp\/v2\/posts\/96253\/revisions"}],"wp:attachment":[{"href":"https:\/\/archive.sana.sy\/tr\/index.php?rest_route=%2Fwp%2Fv2%2Fmedia&parent=96253"}],"wp:term":[{"taxonomy":"category","embeddable":true,"href":"https:\/\/archive.sana.sy\/tr\/index.php?rest_route=%2Fwp%2Fv2%2Fcategories&post=96253"},{"taxonomy":"post_tag","embeddable":true,"href":"https:\/\/archive.sana.sy\/tr\/index.php?rest_route=%2Fwp%2Fv2%2Ftags&post=96253"}],"curies":[{"name":"wp","href":"https:\/\/api.w.org\/{rel}","templated":true}]}}