{"id":96258,"date":"2016-11-27T11:56:11","date_gmt":"2016-11-27T09:56:11","guid":{"rendered":"http:\/\/www.sana.sy\/tr\/?p=96258"},"modified":"2016-11-27T14:01:06","modified_gmt":"2016-11-27T12:01:06","slug":"kaynak-ordu-birliklerimizin-halep-valiligi-ile-isbirligi-icinde-soz-konusu-bu-vatandaslari-karsilama-koruma-ve-guvenli-bolgelere-aktarip-tum-ihtiyaclarini-karsilama-cabasinda-bulundugunu-soyledi","status":"publish","type":"post","link":"https:\/\/archive.sana.sy\/tr\/?p=96258","title":{"rendered":"Kaynak ordu birliklerimizin Halep Valili\u011fi ile i\u015fbirli\u011fi i\u00e7inde s\u00f6z konusu bu vatanda\u015flar\u0131 kar\u015f\u0131lama, koruma ve g\u00fcvenli b\u00f6lgelere aktar\u0131p t\u00fcm ihtiya\u00e7lar\u0131n\u0131 kar\u015f\u0131lama \u00e7abas\u0131nda bulundu\u011funu s\u00f6yledi."},"content":{"rendered":"<p>Kaynak ordu birliklerimizin Halep Valili\u011fi ile i\u015fbirli\u011fi i\u00e7inde s\u00f6z konusu bu vatanda\u015flar\u0131 kar\u015f\u0131lama, koruma ve g\u00fcvenli b\u00f6lgelere aktar\u0131p t\u00fcm ihtiya\u00e7lar\u0131n\u0131 kar\u015f\u0131lama \u00e7abas\u0131nda bulundu\u011funu s\u00f6yledi.<\/p>\n","protected":false},"excerpt":{"rendered":"<p>Kaynak ordu birliklerimizin Halep Valili\u011fi ile i\u015fbirli\u011fi i\u00e7inde s\u00f6z konusu bu vatanda\u015flar\u0131 kar\u015f\u0131lama, koruma ve g\u00fcvenli b\u00f6lgelere aktar\u0131p t\u00fcm ihtiya\u00e7lar\u0131n\u0131 kar\u015f\u0131lama \u00e7abas\u0131nda bulundu\u011funu s\u00f6yledi.<\/p>\n","protected":false},"author":1,"featured_media":0,"comment_status":"closed","ping_status":"closed","sticky":false,"template":"","format":"standard","meta":{"footnotes":""},"categories":[17991],"tags":[],"class_list":["post-96258","post","type-post","status-publish","format-standard","","category-son-dakika"],"_links":{"self":[{"href":"https:\/\/archive.sana.sy\/tr\/index.php?rest_route=\/wp\/v2\/posts\/96258","targetHints":{"allow":["GET"]}}],"collection":[{"href":"https:\/\/archive.sana.sy\/tr\/index.php?rest_route=\/wp\/v2\/posts"}],"about":[{"href":"https:\/\/archive.sana.sy\/tr\/index.php?rest_route=\/wp\/v2\/types\/post"}],"author":[{"embeddable":true,"href":"https:\/\/archive.sana.sy\/tr\/index.php?rest_route=\/wp\/v2\/users\/1"}],"replies":[{"embeddable":true,"href":"https:\/\/archive.sana.sy\/tr\/index.php?rest_route=%2Fwp%2Fv2%2Fcomments&post=96258"}],"version-history":[{"count":0,"href":"https:\/\/archive.sana.sy\/tr\/index.php?rest_route=\/wp\/v2\/posts\/96258\/revisions"}],"wp:attachment":[{"href":"https:\/\/archive.sana.sy\/tr\/index.php?rest_route=%2Fwp%2Fv2%2Fmedia&parent=96258"}],"wp:term":[{"taxonomy":"category","embeddable":true,"href":"https:\/\/archive.sana.sy\/tr\/index.php?rest_route=%2Fwp%2Fv2%2Fcategories&post=96258"},{"taxonomy":"post_tag","embeddable":true,"href":"https:\/\/archive.sana.sy\/tr\/index.php?rest_route=%2Fwp%2Fv2%2Ftags&post=96258"}],"curies":[{"name":"wp","href":"https:\/\/api.w.org\/{rel}","templated":true}]}}