{"id":96296,"date":"2016-11-27T12:00:15","date_gmt":"2016-11-27T10:00:15","guid":{"rendered":"http:\/\/www.sana.sy\/tr\/?p=96296"},"modified":"2016-11-27T14:57:08","modified_gmt":"2016-11-27T12:57:08","slug":"disisleri-bakan-yardimcisi-mikdat-suriye-ve-rusya-arasindaki-iliskilerin-en-yuksek-duzeye-ulastigini-kaydetti","status":"publish","type":"post","link":"https:\/\/archive.sana.sy\/tr\/?p=96296","title":{"rendered":"D\u0131\u015fi\u015fleri Bakan Yard\u0131mc\u0131s\u0131 Mikdat; Suriye ve Rusya aras\u0131ndaki ili\u015fkilerin en y\u00fcksek d\u00fczeye ula\u015ft\u0131\u011f\u0131n\u0131 kaydetti"},"content":{"rendered":"<p>https:\/\/www.youtube.com\/watch?v=j3KwE9ZsV0k<\/p>\n","protected":false},"excerpt":{"rendered":"<p>https:\/\/www.youtube.com\/watch?v=j3KwE9ZsV0k<\/p>\n","protected":false},"author":1,"featured_media":96299,"comment_status":"closed","ping_status":"closed","sticky":false,"template":"","format":"standard","meta":{"footnotes":""},"categories":[18295],"tags":[25545],"class_list":["post-96296","post","type-post","status-publish","format-standard","has-post-thumbnail","","category-sana-video","tag-disisleri-bakan-yardimcisi-mikdat-suriye-ve-rusya-arasindaki-iliskilerin-en-yuksek-duzeye-ulastigini-kaydetti"],"_links":{"self":[{"href":"https:\/\/archive.sana.sy\/tr\/index.php?rest_route=\/wp\/v2\/posts\/96296","targetHints":{"allow":["GET"]}}],"collection":[{"href":"https:\/\/archive.sana.sy\/tr\/index.php?rest_route=\/wp\/v2\/posts"}],"about":[{"href":"https:\/\/archive.sana.sy\/tr\/index.php?rest_route=\/wp\/v2\/types\/post"}],"author":[{"embeddable":true,"href":"https:\/\/archive.sana.sy\/tr\/index.php?rest_route=\/wp\/v2\/users\/1"}],"replies":[{"embeddable":true,"href":"https:\/\/archive.sana.sy\/tr\/index.php?rest_route=%2Fwp%2Fv2%2Fcomments&post=96296"}],"version-history":[{"count":0,"href":"https:\/\/archive.sana.sy\/tr\/index.php?rest_route=\/wp\/v2\/posts\/96296\/revisions"}],"wp:featuredmedia":[{"embeddable":true,"href":"https:\/\/archive.sana.sy\/tr\/index.php?rest_route=\/wp\/v2\/media\/96299"}],"wp:attachment":[{"href":"https:\/\/archive.sana.sy\/tr\/index.php?rest_route=%2Fwp%2Fv2%2Fmedia&parent=96296"}],"wp:term":[{"taxonomy":"category","embeddable":true,"href":"https:\/\/archive.sana.sy\/tr\/index.php?rest_route=%2Fwp%2Fv2%2Fcategories&post=96296"},{"taxonomy":"post_tag","embeddable":true,"href":"https:\/\/archive.sana.sy\/tr\/index.php?rest_route=%2Fwp%2Fv2%2Ftags&post=96296"}],"curies":[{"name":"wp","href":"https:\/\/api.w.org\/{rel}","templated":true}]}}