{"id":96340,"date":"2016-11-28T10:48:05","date_gmt":"2016-11-28T08:48:05","guid":{"rendered":"http:\/\/www.sana.sy\/tr\/?p=96340"},"modified":"2016-11-28T10:48:05","modified_gmt":"2016-11-28T08:48:05","slug":"askeri-kaynak-hava-guclerimizin-hama-kirsali-morik-atsan-muanin-kuzeyi-kunaytrat-arbain-suran-skik-ve-tel-tira-bolgelerinde-teroristlerin-komuta-karargahlari-silah-depolari-ve-agir-ma","status":"publish","type":"post","link":"https:\/\/archive.sana.sy\/tr\/?p=96340","title":{"rendered":"Askeri kaynak; hava g\u00fc\u00e7lerimizin Hama k\u0131rsal\u0131 Morik, At\u015fan, Muan\u2019\u0131n Kuzeyi, Kunaytrat, Arbain, Suran, Skik ve Tel T\u0131ra b\u00f6lgelerinde ter\u00f6ristlerin komuta karargahlar\u0131, silah depolar\u0131 ve a\u011f\u0131r makineli silahlarla donat\u0131lm\u0131\u015f ara\u00e7lar\u0131n\u0131 muhtevalar\u0131yla birlikte tamamen imha ettiklerini belirtti"},"content":{"rendered":"<p>Askeri kaynak; hava g\u00fc\u00e7lerimizin Hama k\u0131rsal\u0131 Morik, At\u015fan, Muan\u2019\u0131n Kuzeyi, Kunaytrat, Arbain, Suran, Skik ve Tel T\u0131ra b\u00f6lgelerinde ter\u00f6ristlerin komuta karargahlar\u0131, silah depolar\u0131 ve a\u011f\u0131r makineli silahlarla donat\u0131lm\u0131\u015f ara\u00e7lar\u0131n\u0131 muhtevalar\u0131yla birlikte tamamen imha ettiklerini belirtti<\/p>\n","protected":false},"excerpt":{"rendered":"<p>Askeri kaynak; hava g\u00fc\u00e7lerimizin Hama k\u0131rsal\u0131 Morik, At\u015fan, Muan\u2019\u0131n Kuzeyi, Kunaytrat, Arbain, Suran, Skik ve Tel T\u0131ra b\u00f6lgelerinde ter\u00f6ristlerin komuta karargahlar\u0131, silah depolar\u0131 ve a\u011f\u0131r makineli silahlarla donat\u0131lm\u0131\u015f ara\u00e7lar\u0131n\u0131 muhtevalar\u0131yla birlikte tamamen imha ettiklerini belirtti<\/p>\n","protected":false},"author":1,"featured_media":0,"comment_status":"closed","ping_status":"closed","sticky":false,"template":"","format":"standard","meta":{"footnotes":""},"categories":[17991],"tags":[],"class_list":["post-96340","post","type-post","status-publish","format-standard","","category-son-dakika"],"_links":{"self":[{"href":"https:\/\/archive.sana.sy\/tr\/index.php?rest_route=\/wp\/v2\/posts\/96340","targetHints":{"allow":["GET"]}}],"collection":[{"href":"https:\/\/archive.sana.sy\/tr\/index.php?rest_route=\/wp\/v2\/posts"}],"about":[{"href":"https:\/\/archive.sana.sy\/tr\/index.php?rest_route=\/wp\/v2\/types\/post"}],"author":[{"embeddable":true,"href":"https:\/\/archive.sana.sy\/tr\/index.php?rest_route=\/wp\/v2\/users\/1"}],"replies":[{"embeddable":true,"href":"https:\/\/archive.sana.sy\/tr\/index.php?rest_route=%2Fwp%2Fv2%2Fcomments&post=96340"}],"version-history":[{"count":0,"href":"https:\/\/archive.sana.sy\/tr\/index.php?rest_route=\/wp\/v2\/posts\/96340\/revisions"}],"wp:attachment":[{"href":"https:\/\/archive.sana.sy\/tr\/index.php?rest_route=%2Fwp%2Fv2%2Fmedia&parent=96340"}],"wp:term":[{"taxonomy":"category","embeddable":true,"href":"https:\/\/archive.sana.sy\/tr\/index.php?rest_route=%2Fwp%2Fv2%2Fcategories&post=96340"},{"taxonomy":"post_tag","embeddable":true,"href":"https:\/\/archive.sana.sy\/tr\/index.php?rest_route=%2Fwp%2Fv2%2Ftags&post=96340"}],"curies":[{"name":"wp","href":"https:\/\/api.w.org\/{rel}","templated":true}]}}