{"id":96342,"date":"2016-11-28T10:54:32","date_gmt":"2016-11-28T08:54:32","guid":{"rendered":"http:\/\/www.sana.sy\/tr\/?p=96342"},"modified":"2016-11-28T10:54:32","modified_gmt":"2016-11-28T08:54:32","slug":"sanaya-aciklama-yapan-askeri-kaynak-hava-guclerimizin-idlib-kirsali-kefruma-temania-ve-han-seyhun-bolgelerinde-katil-erdogan-rejimine-bagli-teror-orgutlere-karsi-hava-operasyonlari-gercekle","status":"publish","type":"post","link":"https:\/\/archive.sana.sy\/tr\/?p=96342","title":{"rendered":"SANA\u2019ya a\u00e7\u0131klama yapan askeri kaynak; hava g\u00fc\u00e7lerimizin \u0130dlib k\u0131rsal\u0131 Kefruma, Temania ve Han \u015eeyhun b\u00f6lgelerinde katil Erdo\u011fan rejimine ba\u011fl\u0131 ter\u00f6r \u00f6rg\u00fctlere kar\u015f\u0131 hava operasyonlar\u0131 ger\u00e7ekle\u015ftirerek \u00e7ok say\u0131da ter\u00f6risti \u00f6l\u00fc ve yaral\u0131 d\u00fc\u015f\u00fcr\u00fcp ara\u00e7, silah ve m\u00fchimmatlar\u0131n\u0131 imha ettiklerini kaydetti"},"content":{"rendered":"<p>SANA\u2019ya a\u00e7\u0131klama yapan askeri kaynak; hava g\u00fc\u00e7lerimizin \u0130dlib k\u0131rsal\u0131 Kefruma, Temania ve Han \u015eeyhun b\u00f6lgelerinde katil Erdo\u011fan rejimine ba\u011fl\u0131 ter\u00f6r \u00f6rg\u00fctlere kar\u015f\u0131 hava operasyonlar\u0131 ger\u00e7ekle\u015ftirerek \u00e7ok say\u0131da ter\u00f6risti \u00f6l\u00fc ve yaral\u0131 d\u00fc\u015f\u00fcr\u00fcp ara\u00e7, silah ve m\u00fchimmatlar\u0131n\u0131 imha ettiklerini kaydetti<\/p>\n","protected":false},"excerpt":{"rendered":"<p>SANA\u2019ya a\u00e7\u0131klama yapan askeri kaynak; hava g\u00fc\u00e7lerimizin \u0130dlib k\u0131rsal\u0131 Kefruma, Temania ve Han \u015eeyhun b\u00f6lgelerinde katil Erdo\u011fan rejimine ba\u011fl\u0131 ter\u00f6r \u00f6rg\u00fctlere kar\u015f\u0131 hava operasyonlar\u0131 ger\u00e7ekle\u015ftirerek \u00e7ok say\u0131da ter\u00f6risti \u00f6l\u00fc ve yaral\u0131 d\u00fc\u015f\u00fcr\u00fcp ara\u00e7, silah ve m\u00fchimmatlar\u0131n\u0131 imha ettiklerini kaydetti<\/p>\n","protected":false},"author":1,"featured_media":0,"comment_status":"closed","ping_status":"closed","sticky":false,"template":"","format":"standard","meta":{"footnotes":""},"categories":[17991],"tags":[],"class_list":["post-96342","post","type-post","status-publish","format-standard","","category-son-dakika"],"_links":{"self":[{"href":"https:\/\/archive.sana.sy\/tr\/index.php?rest_route=\/wp\/v2\/posts\/96342","targetHints":{"allow":["GET"]}}],"collection":[{"href":"https:\/\/archive.sana.sy\/tr\/index.php?rest_route=\/wp\/v2\/posts"}],"about":[{"href":"https:\/\/archive.sana.sy\/tr\/index.php?rest_route=\/wp\/v2\/types\/post"}],"author":[{"embeddable":true,"href":"https:\/\/archive.sana.sy\/tr\/index.php?rest_route=\/wp\/v2\/users\/1"}],"replies":[{"embeddable":true,"href":"https:\/\/archive.sana.sy\/tr\/index.php?rest_route=%2Fwp%2Fv2%2Fcomments&post=96342"}],"version-history":[{"count":0,"href":"https:\/\/archive.sana.sy\/tr\/index.php?rest_route=\/wp\/v2\/posts\/96342\/revisions"}],"wp:attachment":[{"href":"https:\/\/archive.sana.sy\/tr\/index.php?rest_route=%2Fwp%2Fv2%2Fmedia&parent=96342"}],"wp:term":[{"taxonomy":"category","embeddable":true,"href":"https:\/\/archive.sana.sy\/tr\/index.php?rest_route=%2Fwp%2Fv2%2Fcategories&post=96342"},{"taxonomy":"post_tag","embeddable":true,"href":"https:\/\/archive.sana.sy\/tr\/index.php?rest_route=%2Fwp%2Fv2%2Ftags&post=96342"}],"curies":[{"name":"wp","href":"https:\/\/api.w.org\/{rel}","templated":true}]}}