{"id":96409,"date":"2016-11-28T11:55:22","date_gmt":"2016-11-28T09:55:22","guid":{"rendered":"http:\/\/www.sana.sy\/tr\/?p=96409"},"modified":"2016-11-28T14:37:25","modified_gmt":"2016-11-28T12:37:25","slug":"katar-seyhligi-disisleri-bakani-muhammed-bin-abdurrahman-al-thaninin-aciklamalari-ardindan-sanaya-aciklama-yapan-yetkili-kaynak-katar-seyhligi-ve-yetkililerin-bir-kez-daha-suriyed","status":"publish","type":"post","link":"https:\/\/archive.sana.sy\/tr\/?p=96409","title":{"rendered":"Katar \u015eeyhli\u011fi d\u0131\u015fi\u015fleri bakan\u0131 Muhammed Bin Abd\u00fcrrahman Al Thani\u2019nin a\u00e7\u0131klamalar\u0131 ard\u0131ndan SANA\u2019ya a\u00e7\u0131klama yapan yetkili kaynak; Katar \u015feyhli\u011fi ve yetkililerin bir kez daha Suriye&#8217;de ter\u00f6r estiren ter\u00f6r \u00f6rg\u00fctlerle organik ba\u011flar\u0131n\u0131 ortaya koyduklar\u0131na dikkat \u00e7ekti."},"content":{"rendered":"<p>Katar \u015eeyhli\u011fi d\u0131\u015fi\u015fleri bakan\u0131 Muhammed Bin Abd\u00fcrrahman Al Thani\u2019nin a\u00e7\u0131klamalar\u0131 ard\u0131ndan SANA\u2019ya a\u00e7\u0131klama yapan yetkili kaynak; Katar \u015feyhli\u011fi ve yetkililerin bir kez daha Suriye&#8217;de ter\u00f6r estiren ter\u00f6r \u00f6rg\u00fctlerle organik ba\u011flar\u0131n\u0131 ortaya koyduklar\u0131na dikkat \u00e7ekti.<\/p>\n","protected":false},"excerpt":{"rendered":"<p>Katar \u015eeyhli\u011fi d\u0131\u015fi\u015fleri bakan\u0131 Muhammed Bin Abd\u00fcrrahman Al Thani\u2019nin a\u00e7\u0131klamalar\u0131 ard\u0131ndan SANA\u2019ya a\u00e7\u0131klama yapan yetkili kaynak; Katar \u015feyhli\u011fi ve yetkililerin bir kez daha Suriye&#8217;de ter\u00f6r estiren ter\u00f6r \u00f6rg\u00fctlerle organik ba\u011flar\u0131n\u0131 ortaya koyduklar\u0131na dikkat \u00e7ekti.<\/p>\n","protected":false},"author":1,"featured_media":0,"comment_status":"closed","ping_status":"closed","sticky":false,"template":"","format":"standard","meta":{"footnotes":""},"categories":[17991],"tags":[],"class_list":["post-96409","post","type-post","status-publish","format-standard","","category-son-dakika"],"_links":{"self":[{"href":"https:\/\/archive.sana.sy\/tr\/index.php?rest_route=\/wp\/v2\/posts\/96409","targetHints":{"allow":["GET"]}}],"collection":[{"href":"https:\/\/archive.sana.sy\/tr\/index.php?rest_route=\/wp\/v2\/posts"}],"about":[{"href":"https:\/\/archive.sana.sy\/tr\/index.php?rest_route=\/wp\/v2\/types\/post"}],"author":[{"embeddable":true,"href":"https:\/\/archive.sana.sy\/tr\/index.php?rest_route=\/wp\/v2\/users\/1"}],"replies":[{"embeddable":true,"href":"https:\/\/archive.sana.sy\/tr\/index.php?rest_route=%2Fwp%2Fv2%2Fcomments&post=96409"}],"version-history":[{"count":0,"href":"https:\/\/archive.sana.sy\/tr\/index.php?rest_route=\/wp\/v2\/posts\/96409\/revisions"}],"wp:attachment":[{"href":"https:\/\/archive.sana.sy\/tr\/index.php?rest_route=%2Fwp%2Fv2%2Fmedia&parent=96409"}],"wp:term":[{"taxonomy":"category","embeddable":true,"href":"https:\/\/archive.sana.sy\/tr\/index.php?rest_route=%2Fwp%2Fv2%2Fcategories&post=96409"},{"taxonomy":"post_tag","embeddable":true,"href":"https:\/\/archive.sana.sy\/tr\/index.php?rest_route=%2Fwp%2Fv2%2Ftags&post=96409"}],"curies":[{"name":"wp","href":"https:\/\/api.w.org\/{rel}","templated":true}]}}