{"id":96413,"date":"2016-11-28T11:57:27","date_gmt":"2016-11-28T09:57:27","guid":{"rendered":"http:\/\/www.sana.sy\/tr\/?p=96413"},"modified":"2016-11-28T14:37:55","modified_gmt":"2016-11-28T12:37:55","slug":"kaynak-katar-ve-yetkililerin-suriyedeki-teror-orgutlere-mali-siyasi-ve-askeri-desteklerini-surdurmeleriyle-katar-rejiminin-radikallik-teror-ve-tekfirci-karanlik-ideolojinin-ana-kaynaklarindan-bir","status":"publish","type":"post","link":"https:\/\/archive.sana.sy\/tr\/?p=96413","title":{"rendered":"Kaynak; Katar ve yetkililerin Suriye&#8217;deki ter\u00f6r \u00f6rg\u00fctlere mali, siyasi ve askeri desteklerini s\u00fcrd\u00fcrmeleriyle Katar rejiminin radikallik, ter\u00f6r ve tekfirci karanl\u0131k ideolojinin ana kaynaklar\u0131ndan biri oldu\u011funun net bir \u015fekilde de\u015fifre edildi\u011fini ifade etti."},"content":{"rendered":"<p>Kaynak; Katar ve yetkililerin Suriye&#8217;deki ter\u00f6r \u00f6rg\u00fctlere mali, siyasi ve askeri desteklerini s\u00fcrd\u00fcrmeleriyle Katar rejiminin radikallik, ter\u00f6r ve tekfirci karanl\u0131k ideolojinin ana kaynaklar\u0131ndan biri oldu\u011funun net bir \u015fekilde de\u015fifre edildi\u011fini ifade etti.<\/p>\n","protected":false},"excerpt":{"rendered":"<p>Kaynak; Katar ve yetkililerin Suriye&#8217;deki ter\u00f6r \u00f6rg\u00fctlere mali, siyasi ve askeri desteklerini s\u00fcrd\u00fcrmeleriyle Katar rejiminin radikallik, ter\u00f6r ve tekfirci karanl\u0131k ideolojinin ana kaynaklar\u0131ndan biri oldu\u011funun net bir \u015fekilde de\u015fifre edildi\u011fini ifade etti.<\/p>\n","protected":false},"author":1,"featured_media":0,"comment_status":"closed","ping_status":"closed","sticky":false,"template":"","format":"standard","meta":{"footnotes":""},"categories":[17991],"tags":[],"class_list":["post-96413","post","type-post","status-publish","format-standard","","category-son-dakika"],"_links":{"self":[{"href":"https:\/\/archive.sana.sy\/tr\/index.php?rest_route=\/wp\/v2\/posts\/96413","targetHints":{"allow":["GET"]}}],"collection":[{"href":"https:\/\/archive.sana.sy\/tr\/index.php?rest_route=\/wp\/v2\/posts"}],"about":[{"href":"https:\/\/archive.sana.sy\/tr\/index.php?rest_route=\/wp\/v2\/types\/post"}],"author":[{"embeddable":true,"href":"https:\/\/archive.sana.sy\/tr\/index.php?rest_route=\/wp\/v2\/users\/1"}],"replies":[{"embeddable":true,"href":"https:\/\/archive.sana.sy\/tr\/index.php?rest_route=%2Fwp%2Fv2%2Fcomments&post=96413"}],"version-history":[{"count":0,"href":"https:\/\/archive.sana.sy\/tr\/index.php?rest_route=\/wp\/v2\/posts\/96413\/revisions"}],"wp:attachment":[{"href":"https:\/\/archive.sana.sy\/tr\/index.php?rest_route=%2Fwp%2Fv2%2Fmedia&parent=96413"}],"wp:term":[{"taxonomy":"category","embeddable":true,"href":"https:\/\/archive.sana.sy\/tr\/index.php?rest_route=%2Fwp%2Fv2%2Fcategories&post=96413"},{"taxonomy":"post_tag","embeddable":true,"href":"https:\/\/archive.sana.sy\/tr\/index.php?rest_route=%2Fwp%2Fv2%2Ftags&post=96413"}],"curies":[{"name":"wp","href":"https:\/\/api.w.org\/{rel}","templated":true}]}}