{"id":96417,"date":"2016-11-28T14:42:32","date_gmt":"2016-11-28T12:42:32","guid":{"rendered":"http:\/\/www.sana.sy\/tr\/?p=96417"},"modified":"2016-11-29T16:38:43","modified_gmt":"2016-11-29T14:38:43","slug":"teroristlerin-morallerini-yukseltmeyi-amacliyor","status":"publish","type":"post","link":"https:\/\/archive.sana.sy\/tr\/?p=96417","title":{"rendered":"Ter\u00f6ristlerin Morallerini Y\u00fckseltmeyi Ama\u00e7l\u0131yor"},"content":{"rendered":"<p>\u015eAM \u2013 D\u0131\u015fi\u015fleri ve Gurbet\u00e7iler Bakanl\u0131\u011f\u0131nda yetkili bir kaynak; Katar \u015eeyhli\u011fi d\u0131\u015fi\u015fleri bakan\u0131n\u0131n, Suriye&#8217;de ter\u00f6r \u00f6rg\u00fctlere silah deste\u011fini s\u00fcrd\u00fcrme y\u00f6n\u00fcnde yapt\u0131\u011f\u0131 a\u00e7\u0131klamalar\u0131n; bu ter\u00f6ristlerin Suriye&#8217;nin kahraman ordusu kar\u015f\u0131s\u0131nda u\u011frad\u0131klar\u0131 a\u011f\u0131r hezimetler kar\u015f\u0131s\u0131nda psikolojilerini y\u00fckseltme ama\u00e7l\u0131 a\u00e7\u0131klamalardan ibaret oldu\u011funu belirtti.<\/p>\n<p>Katar \u015eeyhli\u011fi d\u0131\u015fi\u015fleri bakan\u0131 Muhammed Bin Abd\u00fcrrahman Al Thani\u2019nin a\u00e7\u0131klamalar\u0131 ard\u0131ndan SANA\u2019ya a\u00e7\u0131klama yapan yetkili kaynak; Katar \u015feyhli\u011fi ve yetkililerin bir kez daha Suriye&#8217;de ter\u00f6r estiren ter\u00f6r \u00f6rg\u00fctlerle organik ba\u011flar\u0131n\u0131 ortaya koyduklar\u0131na dikkat \u00e7ekti. Kaynak; Katar ve yetkililerin Suriye&#8217;deki ter\u00f6r \u00f6rg\u00fctlere mali, siyasi ve askeri desteklerini s\u00fcrd\u00fcrmeleriyle Katar rejiminin radikallik, ter\u00f6r ve tekfirci karanl\u0131k ideolojinin ana kaynaklar\u0131ndan biri oldu\u011funun net bir \u015fekilde de\u015fifre edildi\u011fini ifade etti.<\/p>\n<p>Katar\u2019\u0131n radikal ter\u00f6re her t\u00fcrl\u00fc deste\u011finin herkes taraf\u0131ndan net bir \u015fekilde bilindi\u011fine vurgu yapan yetkili kaynak; d\u00fcnya devletlerinin b\u00fcy\u00fck \u00e7o\u011funlu\u011funun Suriye konusundaki tutum de\u011fi\u015fikli\u011fi ortam\u0131nda s\u00f6z konusu a\u00e7\u0131klamalar\u0131n Katar \u015eeyhli\u011finin a\u011f\u0131r hezimetlere u\u011frayan ter\u00f6r \u00f6rg\u00fctlerin psikolojilerini d\u00fczeltme ama\u00e7l\u0131 oldu\u011funu ifade etti.<\/p>\n<p>Yetkili kaynak ter\u00f6r\u00fcn Suriye&#8217;de kesinlikle yok edilece\u011finin alt\u0131n\u0131 \u00e7izerek, uluslar aras\u0131 toplumun da d\u00fcnyan\u0131n t\u00fcm halklar\u0131na kar\u015f\u0131 ciddi bir tehlike te\u015fkil eden bu ter\u00f6r\u00fc destekleyen ve kollayan devletlerden hesap sorma sorumlulu\u011funu \u00fcstlenmesi gerekti\u011finin alt\u0131n\u0131 \u00e7izdi. Ter\u00f6r\u00fc destekleyen devletlerin kesinlikle bunun sorumlulu\u011funu \u00f6deyeceklerine dikkat \u00e7eken yetkili kaynak, bunun da en k\u0131sa zamanda olaca\u011f\u0131na i\u015faret etti.<\/p>\n","protected":false},"excerpt":{"rendered":"<p>\u015eAM \u2013 D\u0131\u015fi\u015fleri ve Gurbet\u00e7iler Bakanl\u0131\u011f\u0131nda yetkili bir kaynak; Katar \u015eeyhli\u011fi d\u0131\u015fi\u015fleri bakan\u0131n\u0131n, Suriye&#8217;de ter\u00f6r \u00f6rg\u00fctlere silah deste\u011fini s\u00fcrd\u00fcrme y\u00f6n\u00fcnde yapt\u0131\u011f\u0131 a\u00e7\u0131klamalar\u0131n; bu ter\u00f6ristlerin Suriye&#8217;nin kahraman ordusu kar\u015f\u0131s\u0131nda u\u011frad\u0131klar\u0131 a\u011f\u0131r hezimetler kar\u015f\u0131s\u0131nda psikolojilerini y\u00fckseltme ama\u00e7l\u0131 a\u00e7\u0131klamalardan ibaret oldu\u011funu belirtti. Katar \u015eeyhli\u011fi d\u0131\u015fi\u015fleri bakan\u0131 Muhammed Bin Abd\u00fcrrahman Al Thani\u2019nin a\u00e7\u0131klamalar\u0131 ard\u0131ndan SANA\u2019ya a\u00e7\u0131klama yapan yetkili kaynak; &hellip;<\/p>\n","protected":false},"author":1,"featured_media":58242,"comment_status":"closed","ping_status":"closed","sticky":false,"template":"","format":"standard","meta":{"footnotes":""},"categories":[479,17988,478],"tags":[15945,3946,25565,2755,22314,11549,25566,7657,25564],"class_list":["post-96417","post","type-post","status-publish","format-standard","has-post-thumbnail","","category-haberler-yerel","category-son-haberler","category-yerel","tag-ilimli-muhalifler","tag-katar","tag-katar-seyhligi-disisleri-bakani-muhammed-bin-abdurrahman-al-thani","tag-sam","tag-suriye-disisleri-bakanligi","tag-suriye-ordusu","tag-teror-gruplari","tag-teror-orgutleri","tag-teroristlerin-morallerini-yukseltmeyi-amacliyor"],"_links":{"self":[{"href":"https:\/\/archive.sana.sy\/tr\/index.php?rest_route=\/wp\/v2\/posts\/96417","targetHints":{"allow":["GET"]}}],"collection":[{"href":"https:\/\/archive.sana.sy\/tr\/index.php?rest_route=\/wp\/v2\/posts"}],"about":[{"href":"https:\/\/archive.sana.sy\/tr\/index.php?rest_route=\/wp\/v2\/types\/post"}],"author":[{"embeddable":true,"href":"https:\/\/archive.sana.sy\/tr\/index.php?rest_route=\/wp\/v2\/users\/1"}],"replies":[{"embeddable":true,"href":"https:\/\/archive.sana.sy\/tr\/index.php?rest_route=%2Fwp%2Fv2%2Fcomments&post=96417"}],"version-history":[{"count":0,"href":"https:\/\/archive.sana.sy\/tr\/index.php?rest_route=\/wp\/v2\/posts\/96417\/revisions"}],"wp:featuredmedia":[{"embeddable":true,"href":"https:\/\/archive.sana.sy\/tr\/index.php?rest_route=\/wp\/v2\/media\/58242"}],"wp:attachment":[{"href":"https:\/\/archive.sana.sy\/tr\/index.php?rest_route=%2Fwp%2Fv2%2Fmedia&parent=96417"}],"wp:term":[{"taxonomy":"category","embeddable":true,"href":"https:\/\/archive.sana.sy\/tr\/index.php?rest_route=%2Fwp%2Fv2%2Fcategories&post=96417"},{"taxonomy":"post_tag","embeddable":true,"href":"https:\/\/archive.sana.sy\/tr\/index.php?rest_route=%2Fwp%2Fv2%2Ftags&post=96417"}],"curies":[{"name":"wp","href":"https:\/\/api.w.org\/{rel}","templated":true}]}}