{"id":96425,"date":"2016-11-28T15:09:31","date_gmt":"2016-11-28T13:09:31","guid":{"rendered":"http:\/\/www.sana.sy\/tr\/?p=96425"},"modified":"2016-11-29T12:54:56","modified_gmt":"2016-11-29T10:54:56","slug":"halepte-su-tesisleri-terorden-kurtarildi","status":"publish","type":"post","link":"https:\/\/archive.sana.sy\/tr\/?p=96425","title":{"rendered":"Halep\u2019te Su Tesisleri Ter\u00f6rden Kurtar\u0131ld\u0131"},"content":{"rendered":"<p>HALEP \u2013 Halep Valisi H\u00fcseyin Diyab; d\u0131\u015f destekli ter\u00f6r \u00f6rg\u00fctlere kar\u015f\u0131 h\u0131zl\u0131 ve \u00f6nemli ba\u015far\u0131lar sa\u011flayan ordu birliklerimizin destek\u00e7i g\u00fc\u00e7lerle i\u015fbirli\u011fi i\u00e7inde S\u00fcleyman el Halebi Su Tesislerini ter\u00f6rden temizleyerek kontrollerine ald\u0131klar\u0131n\u0131 belirtti.<\/p>\n<p>Vali Diyab SANA\u2019ya yapt\u0131\u011f\u0131 a\u00e7\u0131klamada; Halep Kentini su ile besleyen tesislerin ek k\u0131sa zamanda hizmete girmesi i\u00e7in teknik ve onar\u0131m ekiplerinin derhal \u00e7al\u0131\u015fmalar\u0131na ba\u015flad\u0131klar\u0131na dikkat \u00e7ekti.<\/p>\n","protected":false},"excerpt":{"rendered":"<p>HALEP \u2013 Halep Valisi H\u00fcseyin Diyab; d\u0131\u015f destekli ter\u00f6r \u00f6rg\u00fctlere kar\u015f\u0131 h\u0131zl\u0131 ve \u00f6nemli ba\u015far\u0131lar sa\u011flayan ordu birliklerimizin destek\u00e7i g\u00fc\u00e7lerle i\u015fbirli\u011fi i\u00e7inde S\u00fcleyman el Halebi Su Tesislerini ter\u00f6rden temizleyerek kontrollerine ald\u0131klar\u0131n\u0131 belirtti. Vali Diyab SANA\u2019ya yapt\u0131\u011f\u0131 a\u00e7\u0131klamada; Halep Kentini su ile besleyen tesislerin ek k\u0131sa zamanda hizmete girmesi i\u00e7in teknik ve onar\u0131m ekiplerinin derhal \u00e7al\u0131\u015fmalar\u0131na &hellip;<\/p>\n","protected":false},"author":1,"featured_media":96439,"comment_status":"closed","ping_status":"closed","sticky":false,"template":"","format":"standard","meta":{"footnotes":""},"categories":[479,17988,478],"tags":[23871,25570,18632,25571,11549,22182,7657],"class_list":["post-96425","post","type-post","status-publish","format-standard","has-post-thumbnail","","category-haberler-yerel","category-son-haberler","category-yerel","tag-halep-valisi-huseyin-diyab","tag-halepte-su-tesisleri-terorden-kurtarildi","tag-sana","tag-suleyman-el-halebi-su-tesisleri","tag-suriye-ordusu","tag-suriyede-savas","tag-teror-orgutleri"],"_links":{"self":[{"href":"https:\/\/archive.sana.sy\/tr\/index.php?rest_route=\/wp\/v2\/posts\/96425","targetHints":{"allow":["GET"]}}],"collection":[{"href":"https:\/\/archive.sana.sy\/tr\/index.php?rest_route=\/wp\/v2\/posts"}],"about":[{"href":"https:\/\/archive.sana.sy\/tr\/index.php?rest_route=\/wp\/v2\/types\/post"}],"author":[{"embeddable":true,"href":"https:\/\/archive.sana.sy\/tr\/index.php?rest_route=\/wp\/v2\/users\/1"}],"replies":[{"embeddable":true,"href":"https:\/\/archive.sana.sy\/tr\/index.php?rest_route=%2Fwp%2Fv2%2Fcomments&post=96425"}],"version-history":[{"count":0,"href":"https:\/\/archive.sana.sy\/tr\/index.php?rest_route=\/wp\/v2\/posts\/96425\/revisions"}],"wp:featuredmedia":[{"embeddable":true,"href":"https:\/\/archive.sana.sy\/tr\/index.php?rest_route=\/wp\/v2\/media\/96439"}],"wp:attachment":[{"href":"https:\/\/archive.sana.sy\/tr\/index.php?rest_route=%2Fwp%2Fv2%2Fmedia&parent=96425"}],"wp:term":[{"taxonomy":"category","embeddable":true,"href":"https:\/\/archive.sana.sy\/tr\/index.php?rest_route=%2Fwp%2Fv2%2Fcategories&post=96425"},{"taxonomy":"post_tag","embeddable":true,"href":"https:\/\/archive.sana.sy\/tr\/index.php?rest_route=%2Fwp%2Fv2%2Ftags&post=96425"}],"curies":[{"name":"wp","href":"https:\/\/api.w.org\/{rel}","templated":true}]}}