{"id":96430,"date":"2016-11-28T12:14:11","date_gmt":"2016-11-28T10:14:11","guid":{"rendered":"http:\/\/www.sana.sy\/tr\/?p=96430"},"modified":"2016-11-28T15:02:54","modified_gmt":"2016-11-28T13:02:54","slug":"sanaya-aciklama-yapan-saha-komutani-ordu-birliklerimizin-halep-kentinin-dogu-semtlerinde-teroristleri-buyuk-kayiplara-ugratmalari-ve-onemli-ilerlemeler-kaydetmeleri-ardindan-geneli-cocuk-ve","status":"publish","type":"post","link":"https:\/\/archive.sana.sy\/tr\/?p=96430","title":{"rendered":"SANA\u2019ya a\u00e7\u0131klama yapan saha komutan\u0131, ordu birliklerimizin Halep Kentinin do\u011fu semtlerinde ter\u00f6ristleri b\u00fcy\u00fck kay\u0131plara u\u011fratmalar\u0131 ve \u00f6nemli ilerlemeler kaydetmeleri ard\u0131ndan geneli \u00e7ocuk ve kad\u0131nlardan olu\u015fan y\u00fczlerce vatanda\u015f\u0131n ter\u00f6ristlerden ka\u00e7arak ordu birliklerimize s\u0131\u011f\u0131nd\u0131klar\u0131n\u0131 ifade etti."},"content":{"rendered":"<p>SANA\u2019ya a\u00e7\u0131klama yapan saha komutan\u0131, ordu birliklerimizin Halep Kentinin do\u011fu semtlerinde ter\u00f6ristleri b\u00fcy\u00fck kay\u0131plara u\u011fratmalar\u0131 ve \u00f6nemli ilerlemeler kaydetmeleri ard\u0131ndan geneli \u00e7ocuk ve kad\u0131nlardan olu\u015fan y\u00fczlerce vatanda\u015f\u0131n ter\u00f6ristlerden ka\u00e7arak ordu birliklerimize s\u0131\u011f\u0131nd\u0131klar\u0131n\u0131 ifade etti.<\/p>\n","protected":false},"excerpt":{"rendered":"<p>SANA\u2019ya a\u00e7\u0131klama yapan saha komutan\u0131, ordu birliklerimizin Halep Kentinin do\u011fu semtlerinde ter\u00f6ristleri b\u00fcy\u00fck kay\u0131plara u\u011fratmalar\u0131 ve \u00f6nemli ilerlemeler kaydetmeleri ard\u0131ndan geneli \u00e7ocuk ve kad\u0131nlardan olu\u015fan y\u00fczlerce vatanda\u015f\u0131n ter\u00f6ristlerden ka\u00e7arak ordu birliklerimize s\u0131\u011f\u0131nd\u0131klar\u0131n\u0131 ifade etti.<\/p>\n","protected":false},"author":1,"featured_media":0,"comment_status":"closed","ping_status":"closed","sticky":false,"template":"","format":"standard","meta":{"footnotes":""},"categories":[17991],"tags":[],"class_list":["post-96430","post","type-post","status-publish","format-standard","","category-son-dakika"],"_links":{"self":[{"href":"https:\/\/archive.sana.sy\/tr\/index.php?rest_route=\/wp\/v2\/posts\/96430","targetHints":{"allow":["GET"]}}],"collection":[{"href":"https:\/\/archive.sana.sy\/tr\/index.php?rest_route=\/wp\/v2\/posts"}],"about":[{"href":"https:\/\/archive.sana.sy\/tr\/index.php?rest_route=\/wp\/v2\/types\/post"}],"author":[{"embeddable":true,"href":"https:\/\/archive.sana.sy\/tr\/index.php?rest_route=\/wp\/v2\/users\/1"}],"replies":[{"embeddable":true,"href":"https:\/\/archive.sana.sy\/tr\/index.php?rest_route=%2Fwp%2Fv2%2Fcomments&post=96430"}],"version-history":[{"count":0,"href":"https:\/\/archive.sana.sy\/tr\/index.php?rest_route=\/wp\/v2\/posts\/96430\/revisions"}],"wp:attachment":[{"href":"https:\/\/archive.sana.sy\/tr\/index.php?rest_route=%2Fwp%2Fv2%2Fmedia&parent=96430"}],"wp:term":[{"taxonomy":"category","embeddable":true,"href":"https:\/\/archive.sana.sy\/tr\/index.php?rest_route=%2Fwp%2Fv2%2Fcategories&post=96430"},{"taxonomy":"post_tag","embeddable":true,"href":"https:\/\/archive.sana.sy\/tr\/index.php?rest_route=%2Fwp%2Fv2%2Ftags&post=96430"}],"curies":[{"name":"wp","href":"https:\/\/api.w.org\/{rel}","templated":true}]}}