{"id":96441,"date":"2016-11-28T14:00:45","date_gmt":"2016-11-28T12:00:45","guid":{"rendered":"http:\/\/www.sana.sy\/tr\/?p=96441"},"modified":"2016-11-29T12:55:07","modified_gmt":"2016-11-29T10:55:07","slug":"hinclarini-sivil-vatandaslardan-almaya-calisiyorlar","status":"publish","type":"post","link":"https:\/\/archive.sana.sy\/tr\/?p=96441","title":{"rendered":"H\u0131n\u00e7lar\u0131n\u0131 Sivil Vatanda\u015flardan Almaya \u00c7al\u0131\u015f\u0131yorlar"},"content":{"rendered":"<p>HALEP \u2013 Vatan koruyucular\u0131m\u0131z\u0131n a\u011f\u0131r darbeleri alt\u0131nda b\u00fcy\u00fck kay\u0131plar veren ter\u00f6r \u00f6rg\u00fctleri, bu kay\u0131plar\u0131n\u0131n h\u0131n\u00e7lar\u0131n\u0131 masum sivil b\u00f6lgelere sald\u0131r\u0131lar\u0131yla d\u00f6kmeye \u00e7al\u0131\u015f\u0131yorlar.<\/p>\n<p>Halep Emniyet M\u00fcd\u00fcrl\u00fc\u011f\u00fcnde bir kaynak SANA\u2019ya a\u00e7\u0131klamas\u0131nda; Halep Kentinin do\u011fu semtlerinde ordu birliklerimiz kar\u015f\u0131s\u0131nda a\u011f\u0131r kay\u0131plarla psikolojileri \u00e7\u00f6ken ter\u00f6ristlerin Yeni Halep Semtini f\u00fczelerle hedef ald\u0131klar\u0131n\u0131 belirtti. Kaynak gaddar ter\u00f6r sald\u0131r\u0131lar\u0131nda 2 vatanda\u015f\u0131n \u015fehit, 7 vatanda\u015f\u0131n da yaral\u0131 d\u00fc\u015ft\u00fcklerini aktard\u0131.<\/p>\n","protected":false},"excerpt":{"rendered":"<p>HALEP \u2013 Vatan koruyucular\u0131m\u0131z\u0131n a\u011f\u0131r darbeleri alt\u0131nda b\u00fcy\u00fck kay\u0131plar veren ter\u00f6r \u00f6rg\u00fctleri, bu kay\u0131plar\u0131n\u0131n h\u0131n\u00e7lar\u0131n\u0131 masum sivil b\u00f6lgelere sald\u0131r\u0131lar\u0131yla d\u00f6kmeye \u00e7al\u0131\u015f\u0131yorlar. Halep Emniyet M\u00fcd\u00fcrl\u00fc\u011f\u00fcnde bir kaynak SANA\u2019ya a\u00e7\u0131klamas\u0131nda; Halep Kentinin do\u011fu semtlerinde ordu birliklerimiz kar\u015f\u0131s\u0131nda a\u011f\u0131r kay\u0131plarla psikolojileri \u00e7\u00f6ken ter\u00f6ristlerin Yeni Halep Semtini f\u00fczelerle hedef ald\u0131klar\u0131n\u0131 belirtti. Kaynak gaddar ter\u00f6r sald\u0131r\u0131lar\u0131nda 2 vatanda\u015f\u0131n \u015fehit, 7 &hellip;<\/p>\n","protected":false},"author":1,"featured_media":96442,"comment_status":"closed","ping_status":"closed","sticky":false,"template":"","format":"standard","meta":{"footnotes":""},"categories":[479,17988,478],"tags":[3464,22331,25572,15945,11549,19981],"class_list":["post-96441","post","type-post","status-publish","format-standard","has-post-thumbnail","","category-haberler-yerel","category-son-haberler","category-yerel","tag-nusra-cephesi","tag-halep-emniyet-mudurlugu","tag-hinclarini-sivil-vatandaslardan-almaya-calisiyorlar","tag-ilimli-muhalifler","tag-suriye-ordusu","tag-teror-saldirisi"],"_links":{"self":[{"href":"https:\/\/archive.sana.sy\/tr\/index.php?rest_route=\/wp\/v2\/posts\/96441","targetHints":{"allow":["GET"]}}],"collection":[{"href":"https:\/\/archive.sana.sy\/tr\/index.php?rest_route=\/wp\/v2\/posts"}],"about":[{"href":"https:\/\/archive.sana.sy\/tr\/index.php?rest_route=\/wp\/v2\/types\/post"}],"author":[{"embeddable":true,"href":"https:\/\/archive.sana.sy\/tr\/index.php?rest_route=\/wp\/v2\/users\/1"}],"replies":[{"embeddable":true,"href":"https:\/\/archive.sana.sy\/tr\/index.php?rest_route=%2Fwp%2Fv2%2Fcomments&post=96441"}],"version-history":[{"count":0,"href":"https:\/\/archive.sana.sy\/tr\/index.php?rest_route=\/wp\/v2\/posts\/96441\/revisions"}],"wp:featuredmedia":[{"embeddable":true,"href":"https:\/\/archive.sana.sy\/tr\/index.php?rest_route=\/wp\/v2\/media\/96442"}],"wp:attachment":[{"href":"https:\/\/archive.sana.sy\/tr\/index.php?rest_route=%2Fwp%2Fv2%2Fmedia&parent=96441"}],"wp:term":[{"taxonomy":"category","embeddable":true,"href":"https:\/\/archive.sana.sy\/tr\/index.php?rest_route=%2Fwp%2Fv2%2Fcategories&post=96441"},{"taxonomy":"post_tag","embeddable":true,"href":"https:\/\/archive.sana.sy\/tr\/index.php?rest_route=%2Fwp%2Fv2%2Ftags&post=96441"}],"curies":[{"name":"wp","href":"https:\/\/api.w.org\/{rel}","templated":true}]}}