{"id":96451,"date":"2016-11-28T09:42:52","date_gmt":"2016-11-28T07:42:52","guid":{"rendered":"http:\/\/www.sana.sy\/tr\/?p=96451"},"modified":"2016-11-28T15:43:21","modified_gmt":"2016-11-28T13:43:21","slug":"derada-askeri-kaynak-israilden-direk-ve-dolayli-destek-alan-nusra-cephesi-ve-muttefikleri-diger-teror-orgutlere-karsi-operasyonlari-kapsaminda-bugun-dera-beledin-muhtelif-b","status":"publish","type":"post","link":"https:\/\/archive.sana.sy\/tr\/?p=96451","title":{"rendered":"Dera\u2019da askeri kaynak; \u0130srail\u2019den direk ve dolayl\u0131 destek alan Nusra Cephesi ve m\u00fcttefikleri di\u011fer ter\u00f6r \u00f6rg\u00fctlere kar\u015f\u0131 operasyonlar\u0131 kapsam\u0131nda bug\u00fcn Dera Beled\u2019in muhtelif b\u00f6lgelerinde bu radikal \u00e7etelerin siper noktalar\u0131 ve ara\u00e7lar\u0131n\u0131 top ate\u015fine tuttuklar\u0131n\u0131 belirtti."},"content":{"rendered":"<p>Dera\u2019da askeri kaynak; \u0130srail\u2019den direk ve dolayl\u0131 destek alan Nusra Cephesi ve m\u00fcttefikleri di\u011fer ter\u00f6r \u00f6rg\u00fctlere kar\u015f\u0131 operasyonlar\u0131 kapsam\u0131nda bug\u00fcn Dera Beled\u2019in muhtelif b\u00f6lgelerinde bu radikal \u00e7etelerin siper noktalar\u0131 ve ara\u00e7lar\u0131n\u0131 top ate\u015fine tuttuklar\u0131n\u0131 belirtti.<\/p>\n","protected":false},"excerpt":{"rendered":"<p>Dera\u2019da askeri kaynak; \u0130srail\u2019den direk ve dolayl\u0131 destek alan Nusra Cephesi ve m\u00fcttefikleri di\u011fer ter\u00f6r \u00f6rg\u00fctlere kar\u015f\u0131 operasyonlar\u0131 kapsam\u0131nda bug\u00fcn Dera Beled\u2019in muhtelif b\u00f6lgelerinde bu radikal \u00e7etelerin siper noktalar\u0131 ve ara\u00e7lar\u0131n\u0131 top ate\u015fine tuttuklar\u0131n\u0131 belirtti.<\/p>\n","protected":false},"author":1,"featured_media":0,"comment_status":"closed","ping_status":"closed","sticky":false,"template":"","format":"standard","meta":{"footnotes":""},"categories":[17991],"tags":[],"class_list":["post-96451","post","type-post","status-publish","format-standard","","category-son-dakika"],"_links":{"self":[{"href":"https:\/\/archive.sana.sy\/tr\/index.php?rest_route=\/wp\/v2\/posts\/96451","targetHints":{"allow":["GET"]}}],"collection":[{"href":"https:\/\/archive.sana.sy\/tr\/index.php?rest_route=\/wp\/v2\/posts"}],"about":[{"href":"https:\/\/archive.sana.sy\/tr\/index.php?rest_route=\/wp\/v2\/types\/post"}],"author":[{"embeddable":true,"href":"https:\/\/archive.sana.sy\/tr\/index.php?rest_route=\/wp\/v2\/users\/1"}],"replies":[{"embeddable":true,"href":"https:\/\/archive.sana.sy\/tr\/index.php?rest_route=%2Fwp%2Fv2%2Fcomments&post=96451"}],"version-history":[{"count":0,"href":"https:\/\/archive.sana.sy\/tr\/index.php?rest_route=\/wp\/v2\/posts\/96451\/revisions"}],"wp:attachment":[{"href":"https:\/\/archive.sana.sy\/tr\/index.php?rest_route=%2Fwp%2Fv2%2Fmedia&parent=96451"}],"wp:term":[{"taxonomy":"category","embeddable":true,"href":"https:\/\/archive.sana.sy\/tr\/index.php?rest_route=%2Fwp%2Fv2%2Fcategories&post=96451"},{"taxonomy":"post_tag","embeddable":true,"href":"https:\/\/archive.sana.sy\/tr\/index.php?rest_route=%2Fwp%2Fv2%2Ftags&post=96451"}],"curies":[{"name":"wp","href":"https:\/\/api.w.org\/{rel}","templated":true}]}}