{"id":96452,"date":"2016-11-28T15:49:59","date_gmt":"2016-11-28T13:49:59","guid":{"rendered":"http:\/\/www.sana.sy\/tr\/?p=96452"},"modified":"2016-11-29T16:38:52","modified_gmt":"2016-11-29T14:38:52","slug":"ordu-birliklerimiz-kontrolleri-altindaki-bolgeleri-genisletiyor-11","status":"publish","type":"post","link":"https:\/\/archive.sana.sy\/tr\/?p=96452","title":{"rendered":"Ordu Birliklerimiz Kontrolleri Alt\u0131ndaki B\u00f6lgeleri Geni\u015fletiyor"},"content":{"rendered":"<p>\u0130LLER \u2013 Suriye ve halk\u0131na d\u00fc\u015fman devlet ve taraflardan muhtelif t\u00fcr destek alan tekfirci ve hain ter\u00f6re kar\u015f\u0131 ba\u015far\u0131lar\u0131n\u0131 s\u00fcrd\u00fcren ordu birliklerimiz bug\u00fcn bu \u00e7eteleri b\u00fcy\u00fck kay\u0131plara u\u011fratmalar\u0131 ard\u0131ndan kontrolleri alt\u0131ndaki b\u00f6lgeleri geni\u015fletti.<\/p>\n<p><span style=\"color: #0000ff\">HALEP<\/span>:<\/p>\n<p>Askeri kaynak ordu birliklerimizin Halep Kentinin do\u011fusunda d\u0131\u015f g\u00fc\u00e7lere tabi radikal ve hain ter\u00f6ristleri b\u00fcy\u00fck kay\u0131plara u\u011fratmalar\u0131 ard\u0131ndan Bilimsel Ara\u015ft\u0131rmalar Konutlar\u0131 B\u00f6lgesini tamamen kontrollerine ald\u0131klar\u0131n\u0131, Gen\u00e7lik Konutlar\u0131 ekseninde de ba\u015far\u0131yla ilerlediklerini ifade etti.<\/p>\n<p>Ordu birliklerimizin yine Halep\u2019in do\u011fusunda haydariye ve Sahur Semtlerini ter\u00f6rden temizleyerek ahalisinin can g\u00fcvenli\u011fini temin ettiklerini belirten kaynak, ter\u00f6r \u00f6rg\u00fctleri saflar\u0131nda b\u00fcy\u00fck \u00e7\u00f6k\u00fc\u015flerin ya\u015fand\u0131\u011f\u0131na dikkat \u00e7ekti.<\/p>\n<p>Kaynak ordu birliklerimize tabi bomba imha ekiplerinin, ter\u00f6ristlerin Sahur ve Haydariye semtlerinde cadde, sokak, meydan ve sivil evlere yerle\u015ftirdikleri bubi tuzaklar\u0131n\u0131 etkisizle\u015ftirdiklerini s\u00f6yledi.<\/p>\n<p>Nitelikli operasyonlarda ABD ve m\u00fcttefiklerinin \u2018\u0131l\u0131ml\u0131 muhalifler\u2019 ad\u0131n\u0131 verdikleri Nusra Cephesi ve Nurettin Zenki Hareketinden saha komutanlar\u0131n\u0131n aralar\u0131nda bulundu\u011fu y\u00fcksek say\u0131da ter\u00f6ristin ara\u00e7lar\u0131 ve silahlar\u0131yla etkisiz hale getirildiklerini ifade eden kaynak; ka\u00e7an ter\u00f6ristleri kovalama ve kentin do\u011fu semtlerinde h\u0131zl\u0131 ilerlemeler kaydetmeye devam ettiklerini belirtti.<\/p>\n<p>Ordu birliklerimiz d\u00fcn Helk ve Cebel Bedro semtlerini ter\u00f6ristlerden temizleyerek, ahalisinin can ve mal g\u00fcvenli\u011fini temin etmi\u015fti.<\/p>\n<p><span style=\"color: #0000ff\">DERA<\/span>:<\/p>\n<p>Dera\u2019da ise askeri kaynak; \u0130srail\u2019den direk ve dolayl\u0131 destek alan Nusra Cephesi ve m\u00fcttefikleri di\u011fer ter\u00f6r \u00f6rg\u00fctlere kar\u015f\u0131 operasyonlar\u0131 kapsam\u0131nda bug\u00fcn Dera Beled\u2019in muhtelif b\u00f6lgelerinde bu radikal \u00e7etelerin siper noktalar\u0131 ve ara\u00e7lar\u0131n\u0131 top ate\u015fine tuttuklar\u0131n\u0131 belirtti.<\/p>\n<p>Kaynak ordu birliklerimizin d\u00fcn bu radikal ter\u00f6ristlerden bir\u00e7o\u011funu ara\u00e7 ve silahlar\u0131yla etkisiz hale getirdiklerini s\u00f6yledi.<\/p>\n<p><span style=\"color: #0000ff\">DEYREZZOR<\/span>:<\/p>\n<p>Bu arada askeri kaynak ordu birliklerimizin Deyrezzor Kentinin Ummal Semtine ilaveten il k\u0131rsal\u0131n\u0131n bat\u0131s\u0131 B\u011fayliye ve Ayya\u015f beldeleri, Cafra Beldesinin civar\u0131 ve Deyrezzor Askeri Havaliman\u0131n\u0131n bat\u0131 siperleri yak\u0131nlar\u0131nda I\u015e\u0130D\u2019li radikal \u00e7eteleri a\u011f\u0131r kay\u0131plra u\u011fratt\u0131klar\u0131n\u0131 aktard\u0131.<\/p>\n<p>Operasyonlarda aralar\u0131nda saha komutanlar\u0131n\u0131n bulundu\u011fu en az 20 ter\u00f6ristin \u00f6ld\u00fcr\u00fcld\u00fc\u011f\u00fcn\u00fc belirten kaynak, bir\u00e7ok tank\u0131n yan\u0131 s\u0131ra bir k\u0131sm\u0131 z\u0131rhl\u0131 olan a\u011f\u0131r makineli silahlarla donat\u0131lm\u0131\u015f ara\u00e7lar\u0131n\u0131n da imha edildi\u011fini ifade etti.<\/p>\n<p><span style=\"color: #0000ff\">HAMA<\/span>:<\/p>\n<p>Di\u011fer yandan askeri kaynak hava g\u00fc\u00e7lerimizin Hama k\u0131rsal\u0131nda Erdo\u011fan ve Al Suud rejimlerine tabi olan ve saflar\u0131nda y\u00fcksek say\u0131da yabanc\u0131 radikal ter\u00f6risti bar\u0131nd\u0131ran \u2018Cey\u015ful Fetih\u2019in toplanma yerleri, destek ve ikmal hatlar\u0131, karargah ve siperlerini imha ettiklerini aktard\u0131.<\/p>\n<p>Hama k\u0131rsal\u0131n\u0131n kuzeyi Morik, At\u015fan, Arbain, Suran\u2019\u0131n kuzeyi, Skik ve Mean beldelerinin kuzeyi ve Tel Teri b\u00f6lgelerinde ger\u00e7ekle\u015ftirilen hava operasyonlar\u0131nda aralar\u0131nda saha komutanlar\u0131n\u0131n bulundu\u011fu y\u00fcksek say\u0131da ter\u00f6ristin \u00f6ld\u00fcr\u00fcld\u00fc\u011f\u00fcn\u00fc s\u00f6yleyen kaynak, bir k\u0131sm\u0131 a\u011f\u0131r silahlarla donat\u0131lm\u0131\u015f bir\u00e7ok ara\u00e7 ve bir\u00e7ok cephane deposunun muhtevalar\u0131yla imha edildiklerini kaydetti.<\/p>\n<p><span style=\"color: #0000ff\">\u0130DL\u0130B<\/span>:<\/p>\n<p>Askeri kaynak \u0130dlib k\u0131rsal\u0131n\u0131n g\u00fcneyinde ise hava g\u00fc\u00e7lerimizin Kefroma, Temania, Han \u015eeyhun ve bat\u0131s\u0131nda yine \u2018Cey\u015ful Fetih\u2019 adl\u0131 \u00e7okuluslu ve hain ter\u00f6ristlerin komuta karargahlar\u0131, toplanma yerleri ve hareket eksenlerini hedef alarak bu \u00e7eteleri say\u0131, cephane ve ara\u00e7lar\u0131yla ciddi kay\u0131plara u\u011fratt\u0131klar\u0131n\u0131 belirtti.<\/p>\n","protected":false},"excerpt":{"rendered":"<p>\u0130LLER \u2013 Suriye ve halk\u0131na d\u00fc\u015fman devlet ve taraflardan muhtelif t\u00fcr destek alan tekfirci ve hain ter\u00f6re kar\u015f\u0131 ba\u015far\u0131lar\u0131n\u0131 s\u00fcrd\u00fcren ordu birliklerimiz bug\u00fcn bu \u00e7eteleri b\u00fcy\u00fck kay\u0131plara u\u011fratmalar\u0131 ard\u0131ndan kontrolleri alt\u0131ndaki b\u00f6lgeleri geni\u015fletti. HALEP: Askeri kaynak ordu birliklerimizin Halep Kentinin do\u011fusunda d\u0131\u015f g\u00fc\u00e7lere tabi radikal ve hain ter\u00f6ristleri b\u00fcy\u00fck kay\u0131plara u\u011fratmalar\u0131 ard\u0131ndan Bilimsel Ara\u015ft\u0131rmalar Konutlar\u0131 &hellip;<\/p>\n","protected":false},"author":1,"featured_media":96466,"comment_status":"closed","ping_status":"closed","sticky":false,"template":"","format":"standard","meta":{"footnotes":""},"categories":[479,575,17988,478],"tags":[3464,24219,15945,25573,17999,11549,19174,22182,7657],"class_list":["post-96452","post","type-post","status-publish","format-standard","has-post-thumbnail","","category-haberler-yerel","category-olaylar-ve-gercekler","category-son-haberler","category-yerel","tag-nusra-cephesi","tag-halepte-son-durumlar","tag-ilimli-muhalifler","tag-ordu-birlikler","tag-ordu-birliklerimiz-kontrolleri-altindaki-bolgeleri-genisletiyor","tag-suriye-ordusu","tag-suriyede-son-durumlar","tag-suriyede-savas","tag-teror-orgutleri"],"_links":{"self":[{"href":"https:\/\/archive.sana.sy\/tr\/index.php?rest_route=\/wp\/v2\/posts\/96452","targetHints":{"allow":["GET"]}}],"collection":[{"href":"https:\/\/archive.sana.sy\/tr\/index.php?rest_route=\/wp\/v2\/posts"}],"about":[{"href":"https:\/\/archive.sana.sy\/tr\/index.php?rest_route=\/wp\/v2\/types\/post"}],"author":[{"embeddable":true,"href":"https:\/\/archive.sana.sy\/tr\/index.php?rest_route=\/wp\/v2\/users\/1"}],"replies":[{"embeddable":true,"href":"https:\/\/archive.sana.sy\/tr\/index.php?rest_route=%2Fwp%2Fv2%2Fcomments&post=96452"}],"version-history":[{"count":0,"href":"https:\/\/archive.sana.sy\/tr\/index.php?rest_route=\/wp\/v2\/posts\/96452\/revisions"}],"wp:featuredmedia":[{"embeddable":true,"href":"https:\/\/archive.sana.sy\/tr\/index.php?rest_route=\/wp\/v2\/media\/96466"}],"wp:attachment":[{"href":"https:\/\/archive.sana.sy\/tr\/index.php?rest_route=%2Fwp%2Fv2%2Fmedia&parent=96452"}],"wp:term":[{"taxonomy":"category","embeddable":true,"href":"https:\/\/archive.sana.sy\/tr\/index.php?rest_route=%2Fwp%2Fv2%2Fcategories&post=96452"},{"taxonomy":"post_tag","embeddable":true,"href":"https:\/\/archive.sana.sy\/tr\/index.php?rest_route=%2Fwp%2Fv2%2Ftags&post=96452"}],"curies":[{"name":"wp","href":"https:\/\/api.w.org\/{rel}","templated":true}]}}