{"id":96459,"date":"2016-11-28T14:44:38","date_gmt":"2016-11-28T12:44:38","guid":{"rendered":"http:\/\/www.sana.sy\/tr\/?p=96459"},"modified":"2016-11-28T15:45:48","modified_gmt":"2016-11-28T13:45:48","slug":"askeri-kaynak-idlib-kirsalinin-guneyinde-ise-hava-guclerimizin-kefroma-temania-han-seyhun-ve-batisinda-yine-ceysul-fetih-adli-cokuluslu-ve-hain-teroristlerin-komuta-karargahlari-t","status":"publish","type":"post","link":"https:\/\/archive.sana.sy\/tr\/?p=96459","title":{"rendered":"Askeri kaynak \u0130dlib k\u0131rsal\u0131n\u0131n g\u00fcneyinde ise hava g\u00fc\u00e7lerimizin Kefroma, Temania, Han \u015eeyhun ve bat\u0131s\u0131nda yine \u2018Cey\u015ful Fetih\u2019 adl\u0131 \u00e7okuluslu ve hain ter\u00f6ristlerin komuta karargahlar\u0131, toplanma yerleri ve hareket eksenlerini hedef alarak bu \u00e7eteleri say\u0131, cephane ve ara\u00e7lar\u0131yla ciddi kay\u0131plara u\u011fratt\u0131klar\u0131n\u0131 belirtti."},"content":{"rendered":"<p>Askeri kaynak \u0130dlib k\u0131rsal\u0131n\u0131n g\u00fcneyinde ise hava g\u00fc\u00e7lerimizin Kefroma, Temania, Han \u015eeyhun ve bat\u0131s\u0131nda yine \u2018Cey\u015ful Fetih\u2019 adl\u0131 \u00e7okuluslu ve hain ter\u00f6ristlerin komuta karargahlar\u0131, toplanma yerleri ve hareket eksenlerini hedef alarak bu \u00e7eteleri say\u0131, cephane ve ara\u00e7lar\u0131yla ciddi kay\u0131plara u\u011fratt\u0131klar\u0131n\u0131 belirtti.<\/p>\n","protected":false},"excerpt":{"rendered":"<p>Askeri kaynak \u0130dlib k\u0131rsal\u0131n\u0131n g\u00fcneyinde ise hava g\u00fc\u00e7lerimizin Kefroma, Temania, Han \u015eeyhun ve bat\u0131s\u0131nda yine \u2018Cey\u015ful Fetih\u2019 adl\u0131 \u00e7okuluslu ve hain ter\u00f6ristlerin komuta karargahlar\u0131, toplanma yerleri ve hareket eksenlerini hedef alarak bu \u00e7eteleri say\u0131, cephane ve ara\u00e7lar\u0131yla ciddi kay\u0131plara u\u011fratt\u0131klar\u0131n\u0131 belirtti.<\/p>\n","protected":false},"author":1,"featured_media":0,"comment_status":"closed","ping_status":"closed","sticky":false,"template":"","format":"standard","meta":{"footnotes":""},"categories":[17991],"tags":[],"class_list":["post-96459","post","type-post","status-publish","format-standard","","category-son-dakika"],"_links":{"self":[{"href":"https:\/\/archive.sana.sy\/tr\/index.php?rest_route=\/wp\/v2\/posts\/96459","targetHints":{"allow":["GET"]}}],"collection":[{"href":"https:\/\/archive.sana.sy\/tr\/index.php?rest_route=\/wp\/v2\/posts"}],"about":[{"href":"https:\/\/archive.sana.sy\/tr\/index.php?rest_route=\/wp\/v2\/types\/post"}],"author":[{"embeddable":true,"href":"https:\/\/archive.sana.sy\/tr\/index.php?rest_route=\/wp\/v2\/users\/1"}],"replies":[{"embeddable":true,"href":"https:\/\/archive.sana.sy\/tr\/index.php?rest_route=%2Fwp%2Fv2%2Fcomments&post=96459"}],"version-history":[{"count":0,"href":"https:\/\/archive.sana.sy\/tr\/index.php?rest_route=\/wp\/v2\/posts\/96459\/revisions"}],"wp:attachment":[{"href":"https:\/\/archive.sana.sy\/tr\/index.php?rest_route=%2Fwp%2Fv2%2Fmedia&parent=96459"}],"wp:term":[{"taxonomy":"category","embeddable":true,"href":"https:\/\/archive.sana.sy\/tr\/index.php?rest_route=%2Fwp%2Fv2%2Fcategories&post=96459"},{"taxonomy":"post_tag","embeddable":true,"href":"https:\/\/archive.sana.sy\/tr\/index.php?rest_route=%2Fwp%2Fv2%2Ftags&post=96459"}],"curies":[{"name":"wp","href":"https:\/\/api.w.org\/{rel}","templated":true}]}}