{"id":96460,"date":"2016-11-28T13:48:43","date_gmt":"2016-11-28T11:48:43","guid":{"rendered":"http:\/\/www.sana.sy\/tr\/?p=96460"},"modified":"2016-11-28T15:45:27","modified_gmt":"2016-11-28T13:45:27","slug":"hama-kirsalinin-kuzeyi-morik-atsan-arbain-suranin-kuzeyi-skik-ve-mean-beldelerinin-kuzeyi-ve-tel-teri-bolgelerinde-gerceklestirilen-hava-operasyonlarinda-aralarinda-saha-komutanlarinin-bu","status":"publish","type":"post","link":"https:\/\/archive.sana.sy\/tr\/?p=96460","title":{"rendered":"Hama k\u0131rsal\u0131n\u0131n kuzeyi Morik, At\u015fan, Arbain, Suran\u2019\u0131n kuzeyi, Skik ve Mean beldelerinin kuzeyi ve Tel Teri b\u00f6lgelerinde ger\u00e7ekle\u015ftirilen hava operasyonlar\u0131nda aralar\u0131nda saha komutanlar\u0131n\u0131n bulundu\u011fu y\u00fcksek say\u0131da ter\u00f6ristin \u00f6ld\u00fcr\u00fcld\u00fc\u011f\u00fcn\u00fc s\u00f6yleyen kaynak, bir k\u0131sm\u0131 a\u011f\u0131r silahlarla donat\u0131lm\u0131\u015f bir\u00e7ok ara\u00e7 ve bir\u00e7ok cephane deposunun muhtevalar\u0131yla imha edildiklerini kaydetti."},"content":{"rendered":"<p>Hama k\u0131rsal\u0131n\u0131n kuzeyi Morik, At\u015fan, Arbain, Suran\u2019\u0131n kuzeyi, Skik ve Mean beldelerinin kuzeyi ve Tel Teri b\u00f6lgelerinde ger\u00e7ekle\u015ftirilen hava operasyonlar\u0131nda aralar\u0131nda saha komutanlar\u0131n\u0131n bulundu\u011fu y\u00fcksek say\u0131da ter\u00f6ristin \u00f6ld\u00fcr\u00fcld\u00fc\u011f\u00fcn\u00fc s\u00f6yleyen kaynak, bir k\u0131sm\u0131 a\u011f\u0131r silahlarla donat\u0131lm\u0131\u015f bir\u00e7ok ara\u00e7 ve bir\u00e7ok cephane deposunun muhtevalar\u0131yla imha edildiklerini kaydetti.<\/p>\n","protected":false},"excerpt":{"rendered":"<p>Hama k\u0131rsal\u0131n\u0131n kuzeyi Morik, At\u015fan, Arbain, Suran\u2019\u0131n kuzeyi, Skik ve Mean beldelerinin kuzeyi ve Tel Teri b\u00f6lgelerinde ger\u00e7ekle\u015ftirilen hava operasyonlar\u0131nda aralar\u0131nda saha komutanlar\u0131n\u0131n bulundu\u011fu y\u00fcksek say\u0131da ter\u00f6ristin \u00f6ld\u00fcr\u00fcld\u00fc\u011f\u00fcn\u00fc s\u00f6yleyen kaynak, bir k\u0131sm\u0131 a\u011f\u0131r silahlarla donat\u0131lm\u0131\u015f bir\u00e7ok ara\u00e7 ve bir\u00e7ok cephane deposunun muhtevalar\u0131yla imha edildiklerini kaydetti.<\/p>\n","protected":false},"author":1,"featured_media":0,"comment_status":"closed","ping_status":"closed","sticky":false,"template":"","format":"standard","meta":{"footnotes":""},"categories":[17991],"tags":[],"class_list":["post-96460","post","type-post","status-publish","format-standard","","category-son-dakika"],"_links":{"self":[{"href":"https:\/\/archive.sana.sy\/tr\/index.php?rest_route=\/wp\/v2\/posts\/96460","targetHints":{"allow":["GET"]}}],"collection":[{"href":"https:\/\/archive.sana.sy\/tr\/index.php?rest_route=\/wp\/v2\/posts"}],"about":[{"href":"https:\/\/archive.sana.sy\/tr\/index.php?rest_route=\/wp\/v2\/types\/post"}],"author":[{"embeddable":true,"href":"https:\/\/archive.sana.sy\/tr\/index.php?rest_route=\/wp\/v2\/users\/1"}],"replies":[{"embeddable":true,"href":"https:\/\/archive.sana.sy\/tr\/index.php?rest_route=%2Fwp%2Fv2%2Fcomments&post=96460"}],"version-history":[{"count":0,"href":"https:\/\/archive.sana.sy\/tr\/index.php?rest_route=\/wp\/v2\/posts\/96460\/revisions"}],"wp:attachment":[{"href":"https:\/\/archive.sana.sy\/tr\/index.php?rest_route=%2Fwp%2Fv2%2Fmedia&parent=96460"}],"wp:term":[{"taxonomy":"category","embeddable":true,"href":"https:\/\/archive.sana.sy\/tr\/index.php?rest_route=%2Fwp%2Fv2%2Fcategories&post=96460"},{"taxonomy":"post_tag","embeddable":true,"href":"https:\/\/archive.sana.sy\/tr\/index.php?rest_route=%2Fwp%2Fv2%2Ftags&post=96460"}],"curies":[{"name":"wp","href":"https:\/\/api.w.org\/{rel}","templated":true}]}}