{"id":96468,"date":"2016-11-28T16:10:33","date_gmt":"2016-11-28T14:10:33","guid":{"rendered":"http:\/\/www.sana.sy\/tr\/?p=96468"},"modified":"2016-11-29T11:18:20","modified_gmt":"2016-11-29T09:18:20","slug":"halepte-kurtarilan-bolgelerde-polis-karakollari-etkinlestiriliyor","status":"publish","type":"post","link":"https:\/\/archive.sana.sy\/tr\/?p=96468","title":{"rendered":"Halep\u2019te Kurtar\u0131lan B\u00f6lgelerde Polis Karakollar\u0131 Etkinle\u015ftiriliyor"},"content":{"rendered":"<p>HALEP \u2013 \u0130\u00e7i\u015fleri Bakan\u0131 Muhammed el \u015eear, ordu birliklerimizin Halep\u2019in do\u011fusunda ter\u00f6rden temizledikleri semt ve b\u00f6lgelerde daha \u00f6nce bulunan polis karakollar\u0131n\u0131n en k\u0131sa s\u00fcre i\u00e7inde etkinle\u015ftirilece\u011fini ve bir k\u0131s\u0131m b\u00f6lgelerde yeni karakollar\u0131n kurulaca\u011f\u0131n\u0131 belirtti.<\/p>\n<p><a href=\"http:\/\/www.sana.sy\/tr\/wp-content\/uploads\/2016\/11\/\u015eear-1.jpg\"><img loading=\"lazy\" decoding=\"async\" class=\"alignright wp-image-96485 size-medium\" src=\"http:\/\/www.sana.sy\/tr\/wp-content\/uploads\/2016\/11\/\u015eear-1-300x200.jpg\" alt=\"sear-1\" width=\"300\" height=\"200\" srcset=\"https:\/\/archive.sana.sy\/tr\/wp-content\/uploads\/2016\/11\/\u015eear-1-300x200.jpg 300w, https:\/\/archive.sana.sy\/tr\/wp-content\/uploads\/2016\/11\/\u015eear-1-150x100.jpg 150w, https:\/\/archive.sana.sy\/tr\/wp-content\/uploads\/2016\/11\/\u015eear-1-768x512.jpg 768w, https:\/\/archive.sana.sy\/tr\/wp-content\/uploads\/2016\/11\/\u015eear-1.jpg 800w\" sizes=\"auto, (max-width: 300px) 100vw, 300px\" \/><\/a>Halep Emniyet M\u00fcd\u00fcrl\u00fc\u011f\u00fcnde subay ve m\u00fcd\u00fcrlerle bir toplant\u0131 d\u00fczenleyen Bakan \u015eear; ter\u00f6rden temizlenen b\u00f6lgelerde \u00f6zel ve kamu m\u00fclklere sald\u0131r\u0131lar\u0131n engellenmesi, bu m\u00fclklerin korunmas\u0131 ve evlerine d\u00f6nmek isteyen vatanda\u015flara yard\u0131mc\u0131 olunup g\u00fcvenlik ve istikrar\u0131n sa\u011flanmas\u0131 amac\u0131yla bu semtlerde polis karakollar\u0131n\u0131n en k\u0131sa s\u00fcre i\u00e7inde hizmete ba\u015flat\u0131lmalar\u0131 gere\u011finin alt\u0131n\u0131 \u00e7izdi.<\/p>\n<p>Bakan \u015eear i\u00e7 g\u00fcvenlik g\u00fc\u00e7leri g\u00f6revinin iki eksende ilerlemesi gerekti\u011fine vurgu yaparken, ilk eksenin ter\u00f6rle m\u00fccadele ve halk\u0131n g\u00fcvenli\u011fini temin etmek, ikinci eksenin ise yerel uzla\u015fmalar\u0131 sa\u011flamak oldu\u011funun alt\u0131n\u0131 \u00e7izdi.<\/p>\n","protected":false},"excerpt":{"rendered":"<p>HALEP \u2013 \u0130\u00e7i\u015fleri Bakan\u0131 Muhammed el \u015eear, ordu birliklerimizin Halep\u2019in do\u011fusunda ter\u00f6rden temizledikleri semt ve b\u00f6lgelerde daha \u00f6nce bulunan polis karakollar\u0131n\u0131n en k\u0131sa s\u00fcre i\u00e7inde etkinle\u015ftirilece\u011fini ve bir k\u0131s\u0131m b\u00f6lgelerde yeni karakollar\u0131n kurulaca\u011f\u0131n\u0131 belirtti. Halep Emniyet M\u00fcd\u00fcrl\u00fc\u011f\u00fcnde subay ve m\u00fcd\u00fcrlerle bir toplant\u0131 d\u00fczenleyen Bakan \u015eear; ter\u00f6rden temizlenen b\u00f6lgelerde \u00f6zel ve kamu m\u00fclklere sald\u0131r\u0131lar\u0131n engellenmesi, bu &hellip;<\/p>\n","protected":false},"author":1,"featured_media":96484,"comment_status":"closed","ping_status":"closed","sticky":false,"template":"","format":"standard","meta":{"footnotes":""},"categories":[479,17988,478],"tags":[22331,24007,25574,15881,15945,11549,7657],"class_list":["post-96468","post","type-post","status-publish","format-standard","has-post-thumbnail","","category-haberler-yerel","category-son-haberler","category-yerel","tag-halep-emniyet-mudurlugu","tag-halepin-dogu-semtleri","tag-halepte-kurtarilan-bolgelerde-polis-karakollari-etkinlestiriliyor","tag-icisleri-bakani-muhammed-el-sear","tag-ilimli-muhalifler","tag-suriye-ordusu","tag-teror-orgutleri"],"_links":{"self":[{"href":"https:\/\/archive.sana.sy\/tr\/index.php?rest_route=\/wp\/v2\/posts\/96468","targetHints":{"allow":["GET"]}}],"collection":[{"href":"https:\/\/archive.sana.sy\/tr\/index.php?rest_route=\/wp\/v2\/posts"}],"about":[{"href":"https:\/\/archive.sana.sy\/tr\/index.php?rest_route=\/wp\/v2\/types\/post"}],"author":[{"embeddable":true,"href":"https:\/\/archive.sana.sy\/tr\/index.php?rest_route=\/wp\/v2\/users\/1"}],"replies":[{"embeddable":true,"href":"https:\/\/archive.sana.sy\/tr\/index.php?rest_route=%2Fwp%2Fv2%2Fcomments&post=96468"}],"version-history":[{"count":0,"href":"https:\/\/archive.sana.sy\/tr\/index.php?rest_route=\/wp\/v2\/posts\/96468\/revisions"}],"wp:featuredmedia":[{"embeddable":true,"href":"https:\/\/archive.sana.sy\/tr\/index.php?rest_route=\/wp\/v2\/media\/96484"}],"wp:attachment":[{"href":"https:\/\/archive.sana.sy\/tr\/index.php?rest_route=%2Fwp%2Fv2%2Fmedia&parent=96468"}],"wp:term":[{"taxonomy":"category","embeddable":true,"href":"https:\/\/archive.sana.sy\/tr\/index.php?rest_route=%2Fwp%2Fv2%2Fcategories&post=96468"},{"taxonomy":"post_tag","embeddable":true,"href":"https:\/\/archive.sana.sy\/tr\/index.php?rest_route=%2Fwp%2Fv2%2Ftags&post=96468"}],"curies":[{"name":"wp","href":"https:\/\/api.w.org\/{rel}","templated":true}]}}