{"id":96477,"date":"2016-11-28T09:00:34","date_gmt":"2016-11-28T07:00:34","guid":{"rendered":"http:\/\/www.sana.sy\/tr\/?p=96477"},"modified":"2016-11-29T11:13:38","modified_gmt":"2016-11-29T09:13:38","slug":"suriyeye-insani-yardim-sunma-programina-katilacagiz","status":"publish","type":"post","link":"https:\/\/archive.sana.sy\/tr\/?p=96477","title":{"rendered":"Suriye&#8217;ye \u0130nsani Yard\u0131m Sunma Program\u0131na Kat\u0131laca\u011f\u0131z"},"content":{"rendered":"<p>MOSKOVA \u2013 Kazakistan Ba\u015fkan\u0131 Nursultan Nazarbayev Kolektif G\u00fcvenlik Anla\u015fmas\u0131 \u00d6rg\u00fct\u00fc\u2019n\u00fcn Suriye&#8217;ye insani yard\u0131mlar\u0131n sa\u011flanmas\u0131 program\u0131na kat\u0131laca\u011f\u0131n\u0131 ilan etti.<\/p>\n<p>Nazarbayev bug\u00fcn Rusya 24 Kanal\u0131na verdi\u011fi r\u00f6portajda; Kazakistan ve Kolektif G\u00fcvenlik Anla\u015fmas\u0131 \u00d6rg\u00fct\u00fc\u2019n\u00fcn Suriye&#8217;ye insani yard\u0131m sunma program\u0131na kat\u0131ld\u0131klar\u0131n\u0131 s\u00f6yledi. Nazarbayev bu kat\u0131l\u0131m\u0131n, sava\u015f nedeniyle ac\u0131lar ya\u015fayan halka yard\u0131m etme iste\u011fi ve \u00e7abas\u0131ndan kaynakl\u0131 normal bir durum oldu\u011funu ifade etti.<\/p>\n<p>Kolektif G\u00fcvenlik Anla\u015fmas\u0131 \u00d6rg\u00fct\u00fc Ermenistan, Belarus, Kazakistan, K\u0131rg\u0131zistan, Tacikistan ve Rusya\u2019dan olu\u015fuyor.<\/p>\n","protected":false},"excerpt":{"rendered":"<p>MOSKOVA \u2013 Kazakistan Ba\u015fkan\u0131 Nursultan Nazarbayev Kolektif G\u00fcvenlik Anla\u015fmas\u0131 \u00d6rg\u00fct\u00fc\u2019n\u00fcn Suriye&#8217;ye insani yard\u0131mlar\u0131n sa\u011flanmas\u0131 program\u0131na kat\u0131laca\u011f\u0131n\u0131 ilan etti. Nazarbayev bug\u00fcn Rusya 24 Kanal\u0131na verdi\u011fi r\u00f6portajda; Kazakistan ve Kolektif G\u00fcvenlik Anla\u015fmas\u0131 \u00d6rg\u00fct\u00fc\u2019n\u00fcn Suriye&#8217;ye insani yard\u0131m sunma program\u0131na kat\u0131ld\u0131klar\u0131n\u0131 s\u00f6yledi. Nazarbayev bu kat\u0131l\u0131m\u0131n, sava\u015f nedeniyle ac\u0131lar ya\u015fayan halka yard\u0131m etme iste\u011fi ve \u00e7abas\u0131ndan kaynakl\u0131 normal bir durum &hellip;<\/p>\n","protected":false},"author":1,"featured_media":63400,"comment_status":"closed","ping_status":"closed","sticky":false,"template":"","format":"standard","meta":{"footnotes":""},"categories":[458,459,17988],"tags":[],"class_list":["post-96477","post","type-post","status-publish","format-standard","has-post-thumbnail","","category-dunya1","category-haberler-arap-uluslararasi-politika","category-son-haberler"],"_links":{"self":[{"href":"https:\/\/archive.sana.sy\/tr\/index.php?rest_route=\/wp\/v2\/posts\/96477","targetHints":{"allow":["GET"]}}],"collection":[{"href":"https:\/\/archive.sana.sy\/tr\/index.php?rest_route=\/wp\/v2\/posts"}],"about":[{"href":"https:\/\/archive.sana.sy\/tr\/index.php?rest_route=\/wp\/v2\/types\/post"}],"author":[{"embeddable":true,"href":"https:\/\/archive.sana.sy\/tr\/index.php?rest_route=\/wp\/v2\/users\/1"}],"replies":[{"embeddable":true,"href":"https:\/\/archive.sana.sy\/tr\/index.php?rest_route=%2Fwp%2Fv2%2Fcomments&post=96477"}],"version-history":[{"count":0,"href":"https:\/\/archive.sana.sy\/tr\/index.php?rest_route=\/wp\/v2\/posts\/96477\/revisions"}],"wp:featuredmedia":[{"embeddable":true,"href":"https:\/\/archive.sana.sy\/tr\/index.php?rest_route=\/wp\/v2\/media\/63400"}],"wp:attachment":[{"href":"https:\/\/archive.sana.sy\/tr\/index.php?rest_route=%2Fwp%2Fv2%2Fmedia&parent=96477"}],"wp:term":[{"taxonomy":"category","embeddable":true,"href":"https:\/\/archive.sana.sy\/tr\/index.php?rest_route=%2Fwp%2Fv2%2Fcategories&post=96477"},{"taxonomy":"post_tag","embeddable":true,"href":"https:\/\/archive.sana.sy\/tr\/index.php?rest_route=%2Fwp%2Fv2%2Ftags&post=96477"}],"curies":[{"name":"wp","href":"https:\/\/api.w.org\/{rel}","templated":true}]}}