{"id":96606,"date":"2016-11-29T22:00:31","date_gmt":"2016-11-29T20:00:31","guid":{"rendered":"http:\/\/www.sana.sy\/tr\/?p=96606"},"modified":"2016-11-30T12:46:13","modified_gmt":"2016-11-30T10:46:13","slug":"yasitlarimizin-kanlari-heder-olmayacak-video","status":"publish","type":"post","link":"https:\/\/archive.sana.sy\/tr\/?p=96606","title":{"rendered":"Ya\u015f\u0131tlar\u0131m\u0131z\u0131n Kanlar\u0131 Heder Olmayacak (Video)"},"content":{"rendered":"<p>\u015eAM \u2013 Suriyeli \u00e7ocuklar; \u2018\u0131l\u0131ml\u0131 muhalifler\u2019 ad\u0131 verilen ter\u00f6ristlerin Halep\u2019te okullar\u0131 ve \u00e7ocuklar\u0131 hedef almalar\u0131n\u0131 k\u0131nayan bir mektubu BM \u015eam Temsilcili\u011fine teslim ettiler.<\/p>\n<p>Baas \u00d6nc\u00fclerinden bir grup \u00e7ocuk bug\u00fcn BM\u2019ye tabi UNICEF Binas\u0131 \u00f6n\u00fcnde toplanarak, ter\u00f6ristlerin \u00f6zellikle Halep\u2019te olmak \u00fczere muhtelif b\u00f6lgelerde okullar\u0131 ve \u00e7ocuklar\u0131 gaddarca hedef almalar\u0131n\u0131 k\u0131nayan bir mektubu UNICEF Temsilcisine takdim ettiler. \u00c7ocuklar mektubunda BM G\u00fcvenlik Konseyi ve t\u00fcm uluslar aras\u0131 \u00f6rg\u00fctlerden sorumluluklar\u0131n\u0131 yerine getirme, ter\u00f6rle m\u00fccadeleye ili\u015fkin kararlar\u0131 etkinle\u015ftirmeleri ve ter\u00f6r\u00fc destekleyen devletlere s\u0131n\u0131r koymalar\u0131n\u0131 talep ettiler.<\/p>\n<p>\u00c7ocuklar; ter\u00f6ristlerin bombal\u0131 ara\u00e7 ya da bomba d\u00fczenekleriyle ger\u00e7ekle\u015ftirdikleri ter\u00f6r eylemleri ya da f\u00fcze veya havanlarla gaddarca sald\u0131r\u0131lar\u0131ndan korkmalar\u0131na gerek kalmadan okullar\u0131na gitmek ve oyun sahalar\u0131nda oynamak istediklerini vurgulad\u0131. Belli ba\u015fl\u0131 devletlerin destekledikleri ter\u00f6ristlerin gaddar sald\u0131r\u0131lar\u0131nda \u015fehit d\u00fc\u015fen ya\u015f\u0131tlar\u0131n\u0131n kanlar\u0131n\u0131n kesinlikle heder olmayaca\u011f\u0131n\u0131 vurgulayan \u00e7ocuklar, bu masum kanlar\u0131n sonsuza dek ter\u00f6ristler ve destek\u00e7ilerinin affedilmez g\u00fcnah\u0131 olarak kalacaklar\u0131n\u0131, kendilerinin yolunu da ayd\u0131nlatan me\u015faleler olaca\u011f\u0131n\u0131n alt\u0131n\u0131 \u00e7izdi.<\/p>\n<div id='gallery-1' class='gallery galleryid-96606 gallery-columns-3 gallery-size-thumbnail'><figure class='gallery-item'>\n\t\t\t<div class='gallery-icon landscape'>\n\t\t\t\t<a href='https:\/\/archive.sana.sy\/tr\/wp-content\/uploads\/2016\/11\/Suriyeli-\u00c7ocuklar-8.jpg'><img loading=\"lazy\" decoding=\"async\" width=\"150\" height=\"99\" src=\"https:\/\/archive.sana.sy\/tr\/wp-content\/uploads\/2016\/11\/Suriyeli-\u00c7ocuklar-8-150x99.jpg\" class=\"attachment-thumbnail size-thumbnail\" alt=\"\" srcset=\"https:\/\/archive.sana.sy\/tr\/wp-content\/uploads\/2016\/11\/Suriyeli-\u00c7ocuklar-8-150x99.jpg 150w, https:\/\/archive.sana.sy\/tr\/wp-content\/uploads\/2016\/11\/Suriyeli-\u00c7ocuklar-8-300x199.jpg 300w, https:\/\/archive.sana.sy\/tr\/wp-content\/uploads\/2016\/11\/Suriyeli-\u00c7ocuklar-8-768x509.jpg 768w, https:\/\/archive.sana.sy\/tr\/wp-content\/uploads\/2016\/11\/Suriyeli-\u00c7ocuklar-8-1024x678.jpg 1024w, https:\/\/archive.sana.sy\/tr\/wp-content\/uploads\/2016\/11\/Suriyeli-\u00c7ocuklar-8-310x205.jpg 310w, https:\/\/archive.sana.sy\/tr\/wp-content\/uploads\/2016\/11\/Suriyeli-\u00c7ocuklar-8.jpg 1478w\" sizes=\"auto, (max-width: 150px) 100vw, 150px\" \/><\/a>\n\t\t\t<\/div><\/figure><figure class='gallery-item'>\n\t\t\t<div class='gallery-icon landscape'>\n\t\t\t\t<a href='https:\/\/archive.sana.sy\/tr\/wp-content\/uploads\/2016\/11\/Suriyeli-\u00c7ocuklar-7.jpg'><img loading=\"lazy\" decoding=\"async\" width=\"150\" height=\"99\" src=\"https:\/\/archive.sana.sy\/tr\/wp-content\/uploads\/2016\/11\/Suriyeli-\u00c7ocuklar-7-150x99.jpg\" class=\"attachment-thumbnail size-thumbnail\" alt=\"\" srcset=\"https:\/\/archive.sana.sy\/tr\/wp-content\/uploads\/2016\/11\/Suriyeli-\u00c7ocuklar-7-150x99.jpg 150w, https:\/\/archive.sana.sy\/tr\/wp-content\/uploads\/2016\/11\/Suriyeli-\u00c7ocuklar-7-300x199.jpg 300w, https:\/\/archive.sana.sy\/tr\/wp-content\/uploads\/2016\/11\/Suriyeli-\u00c7ocuklar-7-768x509.jpg 768w, https:\/\/archive.sana.sy\/tr\/wp-content\/uploads\/2016\/11\/Suriyeli-\u00c7ocuklar-7-1024x678.jpg 1024w, https:\/\/archive.sana.sy\/tr\/wp-content\/uploads\/2016\/11\/Suriyeli-\u00c7ocuklar-7-310x205.jpg 310w, https:\/\/archive.sana.sy\/tr\/wp-content\/uploads\/2016\/11\/Suriyeli-\u00c7ocuklar-7.jpg 1478w\" sizes=\"auto, (max-width: 150px) 100vw, 150px\" \/><\/a>\n\t\t\t<\/div><\/figure><figure class='gallery-item'>\n\t\t\t<div class='gallery-icon landscape'>\n\t\t\t\t<a href='https:\/\/archive.sana.sy\/tr\/wp-content\/uploads\/2016\/11\/Suriyeli-\u00c7ocuklar-6.jpg'><img loading=\"lazy\" decoding=\"async\" width=\"150\" height=\"99\" src=\"https:\/\/archive.sana.sy\/tr\/wp-content\/uploads\/2016\/11\/Suriyeli-\u00c7ocuklar-6-150x99.jpg\" class=\"attachment-thumbnail size-thumbnail\" alt=\"\" srcset=\"https:\/\/archive.sana.sy\/tr\/wp-content\/uploads\/2016\/11\/Suriyeli-\u00c7ocuklar-6-150x99.jpg 150w, https:\/\/archive.sana.sy\/tr\/wp-content\/uploads\/2016\/11\/Suriyeli-\u00c7ocuklar-6-300x199.jpg 300w, https:\/\/archive.sana.sy\/tr\/wp-content\/uploads\/2016\/11\/Suriyeli-\u00c7ocuklar-6-768x509.jpg 768w, https:\/\/archive.sana.sy\/tr\/wp-content\/uploads\/2016\/11\/Suriyeli-\u00c7ocuklar-6-1024x678.jpg 1024w, https:\/\/archive.sana.sy\/tr\/wp-content\/uploads\/2016\/11\/Suriyeli-\u00c7ocuklar-6-310x205.jpg 310w, https:\/\/archive.sana.sy\/tr\/wp-content\/uploads\/2016\/11\/Suriyeli-\u00c7ocuklar-6.jpg 1478w\" sizes=\"auto, (max-width: 150px) 100vw, 150px\" \/><\/a>\n\t\t\t<\/div><\/figure><figure class='gallery-item'>\n\t\t\t<div class='gallery-icon landscape'>\n\t\t\t\t<a href='https:\/\/archive.sana.sy\/tr\/wp-content\/uploads\/2016\/11\/Suriyeli-\u00c7ocuklar-5.jpg'><img loading=\"lazy\" decoding=\"async\" width=\"150\" height=\"97\" src=\"https:\/\/archive.sana.sy\/tr\/wp-content\/uploads\/2016\/11\/Suriyeli-\u00c7ocuklar-5-150x97.jpg\" class=\"attachment-thumbnail size-thumbnail\" alt=\"\" srcset=\"https:\/\/archive.sana.sy\/tr\/wp-content\/uploads\/2016\/11\/Suriyeli-\u00c7ocuklar-5-150x97.jpg 150w, https:\/\/archive.sana.sy\/tr\/wp-content\/uploads\/2016\/11\/Suriyeli-\u00c7ocuklar-5-300x194.jpg 300w, https:\/\/archive.sana.sy\/tr\/wp-content\/uploads\/2016\/11\/Suriyeli-\u00c7ocuklar-5-768x496.jpg 768w, https:\/\/archive.sana.sy\/tr\/wp-content\/uploads\/2016\/11\/Suriyeli-\u00c7ocuklar-5-1024x661.jpg 1024w, https:\/\/archive.sana.sy\/tr\/wp-content\/uploads\/2016\/11\/Suriyeli-\u00c7ocuklar-5.jpg 1436w\" sizes=\"auto, (max-width: 150px) 100vw, 150px\" \/><\/a>\n\t\t\t<\/div><\/figure><figure class='gallery-item'>\n\t\t\t<div class='gallery-icon landscape'>\n\t\t\t\t<a href='https:\/\/archive.sana.sy\/tr\/wp-content\/uploads\/2016\/11\/Suriyeli-\u00c7ocuklar-4.jpg'><img loading=\"lazy\" decoding=\"async\" width=\"150\" height=\"89\" src=\"https:\/\/archive.sana.sy\/tr\/wp-content\/uploads\/2016\/11\/Suriyeli-\u00c7ocuklar-4-150x89.jpg\" class=\"attachment-thumbnail size-thumbnail\" alt=\"\" srcset=\"https:\/\/archive.sana.sy\/tr\/wp-content\/uploads\/2016\/11\/Suriyeli-\u00c7ocuklar-4-150x89.jpg 150w, https:\/\/archive.sana.sy\/tr\/wp-content\/uploads\/2016\/11\/Suriyeli-\u00c7ocuklar-4-300x179.jpg 300w, https:\/\/archive.sana.sy\/tr\/wp-content\/uploads\/2016\/11\/Suriyeli-\u00c7ocuklar-4-768x458.jpg 768w, https:\/\/archive.sana.sy\/tr\/wp-content\/uploads\/2016\/11\/Suriyeli-\u00c7ocuklar-4-1024x611.jpg 1024w, https:\/\/archive.sana.sy\/tr\/wp-content\/uploads\/2016\/11\/Suriyeli-\u00c7ocuklar-4.jpg 1480w\" sizes=\"auto, (max-width: 150px) 100vw, 150px\" \/><\/a>\n\t\t\t<\/div><\/figure><figure class='gallery-item'>\n\t\t\t<div class='gallery-icon landscape'>\n\t\t\t\t<a href='https:\/\/archive.sana.sy\/tr\/wp-content\/uploads\/2016\/11\/Suriyeli-\u00c7ocuklar-3.jpg'><img loading=\"lazy\" decoding=\"async\" width=\"150\" height=\"104\" src=\"https:\/\/archive.sana.sy\/tr\/wp-content\/uploads\/2016\/11\/Suriyeli-\u00c7ocuklar-3-150x104.jpg\" class=\"attachment-thumbnail size-thumbnail\" alt=\"\" srcset=\"https:\/\/archive.sana.sy\/tr\/wp-content\/uploads\/2016\/11\/Suriyeli-\u00c7ocuklar-3-150x104.jpg 150w, https:\/\/archive.sana.sy\/tr\/wp-content\/uploads\/2016\/11\/Suriyeli-\u00c7ocuklar-3-300x209.jpg 300w, https:\/\/archive.sana.sy\/tr\/wp-content\/uploads\/2016\/11\/Suriyeli-\u00c7ocuklar-3-768x535.jpg 768w, https:\/\/archive.sana.sy\/tr\/wp-content\/uploads\/2016\/11\/Suriyeli-\u00c7ocuklar-3-1024x713.jpg 1024w, https:\/\/archive.sana.sy\/tr\/wp-content\/uploads\/2016\/11\/Suriyeli-\u00c7ocuklar-3-110x75.jpg 110w, https:\/\/archive.sana.sy\/tr\/wp-content\/uploads\/2016\/11\/Suriyeli-\u00c7ocuklar-3.jpg 1354w\" sizes=\"auto, (max-width: 150px) 100vw, 150px\" \/><\/a>\n\t\t\t<\/div><\/figure>\n\t\t<\/div>\n\n<p>https:\/\/www.youtube.com\/watch?v=saa98DH5llA<\/p>\n","protected":false},"excerpt":{"rendered":"<p>\u015eAM \u2013 Suriyeli \u00e7ocuklar; \u2018\u0131l\u0131ml\u0131 muhalifler\u2019 ad\u0131 verilen ter\u00f6ristlerin Halep\u2019te okullar\u0131 ve \u00e7ocuklar\u0131 hedef almalar\u0131n\u0131 k\u0131nayan bir mektubu BM \u015eam Temsilcili\u011fine teslim ettiler. Baas \u00d6nc\u00fclerinden bir grup \u00e7ocuk bug\u00fcn BM\u2019ye tabi UNICEF Binas\u0131 \u00f6n\u00fcnde toplanarak, ter\u00f6ristlerin \u00f6zellikle Halep\u2019te olmak \u00fczere muhtelif b\u00f6lgelerde okullar\u0131 ve \u00e7ocuklar\u0131 gaddarca hedef almalar\u0131n\u0131 k\u0131nayan bir mektubu UNICEF Temsilcisine takdim ettiler. &hellip;<\/p>\n","protected":false},"author":1,"featured_media":96607,"comment_status":"closed","ping_status":"closed","sticky":false,"template":"","format":"standard","meta":{"footnotes":""},"categories":[479,511,17988,478],"tags":[3464,24219,25602,15945,25603,19174,22182,25414,19981,25601],"class_list":["post-96606","post","type-post","status-publish","format-standard","has-post-thumbnail","","category-haberler-yerel","category-kultur-ve-sanat","category-son-haberler","category-yerel","tag-nusra-cephesi","tag-halepte-son-durumlar","tag-halepte-katilam","tag-ilimli-muhalifler","tag-samda-etkinlik","tag-suriyede-son-durumlar","tag-suriyede-savas","tag-suriyeli-cocuklar","tag-teror-saldirisi","tag-yasitlarimizin-kanlari-heder-olmayacak"],"_links":{"self":[{"href":"https:\/\/archive.sana.sy\/tr\/index.php?rest_route=\/wp\/v2\/posts\/96606","targetHints":{"allow":["GET"]}}],"collection":[{"href":"https:\/\/archive.sana.sy\/tr\/index.php?rest_route=\/wp\/v2\/posts"}],"about":[{"href":"https:\/\/archive.sana.sy\/tr\/index.php?rest_route=\/wp\/v2\/types\/post"}],"author":[{"embeddable":true,"href":"https:\/\/archive.sana.sy\/tr\/index.php?rest_route=\/wp\/v2\/users\/1"}],"replies":[{"embeddable":true,"href":"https:\/\/archive.sana.sy\/tr\/index.php?rest_route=%2Fwp%2Fv2%2Fcomments&post=96606"}],"version-history":[{"count":0,"href":"https:\/\/archive.sana.sy\/tr\/index.php?rest_route=\/wp\/v2\/posts\/96606\/revisions"}],"wp:featuredmedia":[{"embeddable":true,"href":"https:\/\/archive.sana.sy\/tr\/index.php?rest_route=\/wp\/v2\/media\/96607"}],"wp:attachment":[{"href":"https:\/\/archive.sana.sy\/tr\/index.php?rest_route=%2Fwp%2Fv2%2Fmedia&parent=96606"}],"wp:term":[{"taxonomy":"category","embeddable":true,"href":"https:\/\/archive.sana.sy\/tr\/index.php?rest_route=%2Fwp%2Fv2%2Fcategories&post=96606"},{"taxonomy":"post_tag","embeddable":true,"href":"https:\/\/archive.sana.sy\/tr\/index.php?rest_route=%2Fwp%2Fv2%2Ftags&post=96606"}],"curies":[{"name":"wp","href":"https:\/\/api.w.org\/{rel}","templated":true}]}}