{"id":96618,"date":"2016-11-30T08:39:34","date_gmt":"2016-11-30T06:39:34","guid":{"rendered":"http:\/\/www.sana.sy\/tr\/?p=96618"},"modified":"2016-11-30T12:39:53","modified_gmt":"2016-11-30T10:39:53","slug":"isgalci-siyonist-israilin-kaide-teror-orgutunun-suriye-kolu-nusra-cephesi-ve-daha-baska-azili-teror-orgutlere-direk-ve-dolayli-desteginin-yani-sira-suriye-ordusunun-terore-karsi-ustun-basarilarini-g","status":"publish","type":"post","link":"https:\/\/archive.sana.sy\/tr\/?p=96618","title":{"rendered":"\u0130\u015fgalci Siyonist \u0130srail&#8217;in Kaide ter\u00f6r \u00f6rg\u00fct\u00fcn\u00fcn Suriye kolu Nusra Cephesi ve daha ba\u015fka az\u0131l\u0131 ter\u00f6r \u00f6rg\u00fctlere direk ve dolayl\u0131 deste\u011finin yan\u0131 s\u0131ra Suriye ordusunun ter\u00f6re kar\u015f\u0131 \u00fcst\u00fcn ba\u015far\u0131lar\u0131n\u0131 g\u00f6lgeleme amac\u0131yla gece saatlerinde \u015eam k\u0131rsal\u0131n\u0131n bat\u0131s\u0131 Sabbura B\u00f6lgesine 2 f\u00fczeyle sald\u0131rd\u0131"},"content":{"rendered":"<p>\u0130\u015fgalci Siyonist \u0130srail&#8217;in Kaide ter\u00f6r \u00f6rg\u00fct\u00fcn\u00fcn Suriye kolu Nusra Cephesi ve daha ba\u015fka az\u0131l\u0131 ter\u00f6r \u00f6rg\u00fctlere direk ve dolayl\u0131 deste\u011finin yan\u0131 s\u0131ra Suriye ordusunun ter\u00f6re kar\u015f\u0131 \u00fcst\u00fcn ba\u015far\u0131lar\u0131n\u0131 g\u00f6lgeleme amac\u0131yla gece saatlerinde \u015eam k\u0131rsal\u0131n\u0131n bat\u0131s\u0131 Sabbura B\u00f6lgesine 2 f\u00fczeyle sald\u0131rd\u0131<\/p>\n","protected":false},"excerpt":{"rendered":"<p>\u0130\u015fgalci Siyonist \u0130srail&#8217;in Kaide ter\u00f6r \u00f6rg\u00fct\u00fcn\u00fcn Suriye kolu Nusra Cephesi ve daha ba\u015fka az\u0131l\u0131 ter\u00f6r \u00f6rg\u00fctlere direk ve dolayl\u0131 deste\u011finin yan\u0131 s\u0131ra Suriye ordusunun ter\u00f6re kar\u015f\u0131 \u00fcst\u00fcn ba\u015far\u0131lar\u0131n\u0131 g\u00f6lgeleme amac\u0131yla gece saatlerinde \u015eam k\u0131rsal\u0131n\u0131n bat\u0131s\u0131 Sabbura B\u00f6lgesine 2 f\u00fczeyle sald\u0131rd\u0131<\/p>\n","protected":false},"author":1,"featured_media":0,"comment_status":"closed","ping_status":"closed","sticky":false,"template":"","format":"standard","meta":{"footnotes":""},"categories":[17991],"tags":[],"class_list":["post-96618","post","type-post","status-publish","format-standard","","category-son-dakika"],"_links":{"self":[{"href":"https:\/\/archive.sana.sy\/tr\/index.php?rest_route=\/wp\/v2\/posts\/96618","targetHints":{"allow":["GET"]}}],"collection":[{"href":"https:\/\/archive.sana.sy\/tr\/index.php?rest_route=\/wp\/v2\/posts"}],"about":[{"href":"https:\/\/archive.sana.sy\/tr\/index.php?rest_route=\/wp\/v2\/types\/post"}],"author":[{"embeddable":true,"href":"https:\/\/archive.sana.sy\/tr\/index.php?rest_route=\/wp\/v2\/users\/1"}],"replies":[{"embeddable":true,"href":"https:\/\/archive.sana.sy\/tr\/index.php?rest_route=%2Fwp%2Fv2%2Fcomments&post=96618"}],"version-history":[{"count":0,"href":"https:\/\/archive.sana.sy\/tr\/index.php?rest_route=\/wp\/v2\/posts\/96618\/revisions"}],"wp:attachment":[{"href":"https:\/\/archive.sana.sy\/tr\/index.php?rest_route=%2Fwp%2Fv2%2Fmedia&parent=96618"}],"wp:term":[{"taxonomy":"category","embeddable":true,"href":"https:\/\/archive.sana.sy\/tr\/index.php?rest_route=%2Fwp%2Fv2%2Fcategories&post=96618"},{"taxonomy":"post_tag","embeddable":true,"href":"https:\/\/archive.sana.sy\/tr\/index.php?rest_route=%2Fwp%2Fv2%2Ftags&post=96618"}],"curies":[{"name":"wp","href":"https:\/\/api.w.org\/{rel}","templated":true}]}}