{"id":96623,"date":"2016-11-30T08:50:42","date_gmt":"2016-11-30T06:50:42","guid":{"rendered":"http:\/\/www.sana.sy\/tr\/?p=96623"},"modified":"2016-11-30T12:42:33","modified_gmt":"2016-11-30T10:42:33","slug":"siyonist-dusmanin-bu-saldirisinin-suriye-ordusunun-israil-ve-daha-baska-devletler-tarafindan-desteklenen-azili-teroristlere-karsi-ustun-basarilarina-golge-dusurme-amacli-caresiz-bir-caba-olduguna-dik","status":"publish","type":"post","link":"https:\/\/archive.sana.sy\/tr\/?p=96623","title":{"rendered":"Siyonist d\u00fc\u015fman\u0131n bu sald\u0131r\u0131s\u0131n\u0131n, Suriye ordusunun \u0130srail ve daha ba\u015fka devletler taraf\u0131ndan desteklenen az\u0131l\u0131 ter\u00f6ristlere kar\u015f\u0131 \u00fcst\u00fcn ba\u015far\u0131lar\u0131na g\u00f6lge d\u00fc\u015f\u00fcrme ama\u00e7l\u0131 \u00e7aresiz bir \u00e7aba oldu\u011funa dikkat \u00e7eken kaynak; \u00f6zellikle \u015eam k\u0131rsal\u0131n\u0131n bat\u0131s\u0131nda olduk\u00e7a b\u00fcy\u00fck ve ciddi kay\u0131plara u\u011frat\u0131lan bu \u00e7etelerin psikolojilerini d\u00fczeltme ve moral verme ama\u00e7l\u0131 bir sald\u0131r\u0131 oldu\u011funu ifade etti."},"content":{"rendered":"<p>Siyonist d\u00fc\u015fman\u0131n bu sald\u0131r\u0131s\u0131n\u0131n, Suriye ordusunun \u0130srail ve daha ba\u015fka devletler taraf\u0131ndan desteklenen az\u0131l\u0131 ter\u00f6ristlere kar\u015f\u0131 \u00fcst\u00fcn ba\u015far\u0131lar\u0131na g\u00f6lge d\u00fc\u015f\u00fcrme ama\u00e7l\u0131 \u00e7aresiz bir \u00e7aba oldu\u011funa dikkat \u00e7eken kaynak; \u00f6zellikle \u015eam k\u0131rsal\u0131n\u0131n bat\u0131s\u0131nda olduk\u00e7a b\u00fcy\u00fck ve ciddi kay\u0131plara u\u011frat\u0131lan bu \u00e7etelerin psikolojilerini d\u00fczeltme ve moral verme ama\u00e7l\u0131 bir sald\u0131r\u0131 oldu\u011funu ifade etti.<\/p>\n","protected":false},"excerpt":{"rendered":"<p>Siyonist d\u00fc\u015fman\u0131n bu sald\u0131r\u0131s\u0131n\u0131n, Suriye ordusunun \u0130srail ve daha ba\u015fka devletler taraf\u0131ndan desteklenen az\u0131l\u0131 ter\u00f6ristlere kar\u015f\u0131 \u00fcst\u00fcn ba\u015far\u0131lar\u0131na g\u00f6lge d\u00fc\u015f\u00fcrme ama\u00e7l\u0131 \u00e7aresiz bir \u00e7aba oldu\u011funa dikkat \u00e7eken kaynak; \u00f6zellikle \u015eam k\u0131rsal\u0131n\u0131n bat\u0131s\u0131nda olduk\u00e7a b\u00fcy\u00fck ve ciddi kay\u0131plara u\u011frat\u0131lan bu \u00e7etelerin psikolojilerini d\u00fczeltme ve moral verme ama\u00e7l\u0131 bir sald\u0131r\u0131 oldu\u011funu ifade etti.<\/p>\n","protected":false},"author":1,"featured_media":0,"comment_status":"closed","ping_status":"closed","sticky":false,"template":"","format":"standard","meta":{"footnotes":""},"categories":[17991],"tags":[],"class_list":["post-96623","post","type-post","status-publish","format-standard","","category-son-dakika"],"_links":{"self":[{"href":"https:\/\/archive.sana.sy\/tr\/index.php?rest_route=\/wp\/v2\/posts\/96623","targetHints":{"allow":["GET"]}}],"collection":[{"href":"https:\/\/archive.sana.sy\/tr\/index.php?rest_route=\/wp\/v2\/posts"}],"about":[{"href":"https:\/\/archive.sana.sy\/tr\/index.php?rest_route=\/wp\/v2\/types\/post"}],"author":[{"embeddable":true,"href":"https:\/\/archive.sana.sy\/tr\/index.php?rest_route=\/wp\/v2\/users\/1"}],"replies":[{"embeddable":true,"href":"https:\/\/archive.sana.sy\/tr\/index.php?rest_route=%2Fwp%2Fv2%2Fcomments&post=96623"}],"version-history":[{"count":0,"href":"https:\/\/archive.sana.sy\/tr\/index.php?rest_route=\/wp\/v2\/posts\/96623\/revisions"}],"wp:attachment":[{"href":"https:\/\/archive.sana.sy\/tr\/index.php?rest_route=%2Fwp%2Fv2%2Fmedia&parent=96623"}],"wp:term":[{"taxonomy":"category","embeddable":true,"href":"https:\/\/archive.sana.sy\/tr\/index.php?rest_route=%2Fwp%2Fv2%2Fcategories&post=96623"},{"taxonomy":"post_tag","embeddable":true,"href":"https:\/\/archive.sana.sy\/tr\/index.php?rest_route=%2Fwp%2Fv2%2Ftags&post=96623"}],"curies":[{"name":"wp","href":"https:\/\/api.w.org\/{rel}","templated":true}]}}